{"id":2655,"date":"2025-04-28T11:13:08","date_gmt":"2025-04-28T09:13:08","guid":{"rendered":"https:\/\/agora.xtec.cat\/inspontdeldiable\/?p=2655"},"modified":"2025-04-28T11:29:27","modified_gmt":"2025-04-28T09:29:27","slug":"final-de-la-segona-avaluacio-un-reconeixement-per-als-millors-alumnes","status":"publish","type":"post","link":"https:\/\/agora.xtec.cat\/inspontdeldiable\/general\/final-de-la-segona-avaluacio-un-reconeixement-per-als-millors-alumnes\/","title":{"rendered":"Final de la segona avaluaci\u00f3: un reconeixement per als millors alumnes"},"content":{"rendered":"<p><span style=\"font-weight: 400;\">Amb l\u2019entrega de les notes de la segona avaluaci\u00f3 per a l\u2019alumnat d\u2019ESO, el passat divendres 11 d\u2019abril, l\u2019Institut Pont del Diable no ha faltat a la tradici\u00f3 d\u2019obsequiar amb un detall simb\u00f2lic els millors alumnes del trimestre.<\/span><\/p>\n<p><span style=\"font-weight: 400;\">Com sempre, l\u2019equip de professors del centre escull, despr\u00e9s de pensar-ho molt, un estudiant de cada classe per recon\u00e8ixer-li la bona tasca dels darrers tres mesos amb el diploma de millor alumne i un petit obsequi, m\u00e9s que merescut. Un reconeixement que va molt m\u00e9s enll\u00e0 de les qualificacions, sin\u00f3 on tamb\u00e9 ens fixem \u2014i molt\u2014 en l\u2019actitud, els valors, l\u2019esfor\u00e7, el respecte o la const\u00e0ncia en la feina.<\/span><\/p>\n<p><span style=\"font-weight: 400;\">Enhorabona a tots i a totes! I no afluixeu al tercer trimestre!<\/span><\/p>\n<p><a href=\"https:\/\/drive.google.com\/drive\/folders\/12v-sprX_xC683o6sT-NV10b-ixczsp_P?usp=sharing\"><img loading=\"lazy\" decoding=\"async\" class=\"alignnone size-medium wp-image-2656 aligncenter\" src=\"https:\/\/agora.xtec.cat\/inspontdeldiable\/wp-content\/uploads\/usu2039\/2025\/04\/unnamed-225x300.jpg\" alt=\"\" width=\"225\" height=\"300\" \/><\/a><\/p>\n<p>Podeu trobar m\u00e9s fotos clicant a la imatge anterior.<\/p>\n","protected":false},"excerpt":{"rendered":"<p>Amb l\u2019entrega de les notes de la segona avaluaci\u00f3 per a l\u2019alumnat d\u2019ESO, el passat divendres 11 d\u2019abril, l\u2019Institut Pont del Diable no ha faltat a la tradici\u00f3 d\u2019obsequiar amb un detall simb\u00f2lic els millors alumnes del trimestre.<br \/>\nCom sempre, l\u2019equip de professors del centre escull,&hellip;  <a href=\"https:\/\/agora.xtec.cat\/inspontdeldiable\/general\/final-de-la-segona-avaluacio-un-reconeixement-per-als-millors-alumnes\/\" title=\"Read Final de la segona avaluaci\u00f3: un reconeixement per als millors alumnes\">Llegeix m\u00e9s\u00bb<\/a><\/p>\n","protected":false},"author":1,"featured_media":2656,"comment_status":"open","ping_status":"closed","sticky":false,"template":"","format":"standard","meta":{"_bbp_topic_count":0,"_bbp_reply_count":0,"_bbp_total_topic_count":0,"_bbp_total_reply_count":0,"_bbp_voice_count":0,"_bbp_anonymous_reply_count":0,"_bbp_topic_count_hidden":0,"_bbp_reply_count_hidden":0,"_bbp_forum_subforum_count":0,"footnotes":""},"categories":[3,1,29],"tags":[],"class_list":["post-2655","post","type-post","status-publish","format-standard","has-post-thumbnail","hentry","category-eso","category-general","category-portada"],"post_mailing_queue_ids":[],"_links":{"self":[{"href":"https:\/\/agora.xtec.cat\/inspontdeldiable\/wp-json\/wp\/v2\/posts\/2655","targetHints":{"allow":["GET"]}}],"collection":[{"href":"https:\/\/agora.xtec.cat\/inspontdeldiable\/wp-json\/wp\/v2\/posts"}],"about":[{"href":"https:\/\/agora.xtec.cat\/inspontdeldiable\/wp-json\/wp\/v2\/types\/post"}],"author":[{"embeddable":true,"href":"https:\/\/agora.xtec.cat\/inspontdeldiable\/wp-json\/wp\/v2\/users\/1"}],"replies":[{"embeddable":true,"href":"https:\/\/agora.xtec.cat\/inspontdeldiable\/wp-json\/wp\/v2\/comments?post=2655"}],"version-history":[{"count":1,"href":"https:\/\/agora.xtec.cat\/inspontdeldiable\/wp-json\/wp\/v2\/posts\/2655\/revisions"}],"predecessor-version":[{"id":2657,"href":"https:\/\/agora.xtec.cat\/inspontdeldiable\/wp-json\/wp\/v2\/posts\/2655\/revisions\/2657"}],"wp:featuredmedia":[{"embeddable":true,"href":"https:\/\/agora.xtec.cat\/inspontdeldiable\/wp-json\/wp\/v2\/media\/2656"}],"wp:attachment":[{"href":"https:\/\/agora.xtec.cat\/inspontdeldiable\/wp-json\/wp\/v2\/media?parent=2655"}],"wp:term":[{"taxonomy":"category","embeddable":true,"href":"https:\/\/agora.xtec.cat\/inspontdeldiable\/wp-json\/wp\/v2\/categories?post=2655"},{"taxonomy":"post_tag","embeddable":true,"href":"https:\/\/agora.xtec.cat\/inspontdeldiable\/wp-json\/wp\/v2\/tags?post=2655"}],"curies":[{"name":"wp","href":"https:\/\/api.w.org\/{rel}","templated":true}]}}