{"id":2645,"date":"2025-03-26T11:29:57","date_gmt":"2025-03-26T10:29:57","guid":{"rendered":"https:\/\/agora.xtec.cat\/inspontdeldiable\/?p=2645"},"modified":"2025-03-26T12:09:25","modified_gmt":"2025-03-26T11:09:25","slug":"apsd-gran-jornada-daprenentatge-a-barcelona","status":"publish","type":"post","link":"https:\/\/agora.xtec.cat\/inspontdeldiable\/portada\/apsd-gran-jornada-daprenentatge-a-barcelona\/","title":{"rendered":"APSD: gran jornada d\u2019aprenentatge a Barcelona"},"content":{"rendered":"<p><span style=\"font-weight: 400;\">El nostre alumnat de 1r i 2n del Cicle Formatiu de Grau Mitj\u00e0 d&#8217;Atenci\u00f3 a Persones en Situaci\u00f3 de Depend\u00e8ncia (APSD) ha visitat, el dia 18 de mar\u00e7, l&#8217;Hospital de la Santa Creu i Sant Pau i el Centre de Vida Independent de Barcelona. Una jornada d\u2019aprenentatge molt enriquidora!<\/span><\/p>\n<p>&nbsp;<\/p>\n<p><span style=\"font-weight: 400;\">Els nostres alumnes han pogut con\u00e8ixer els principis de l&#8217;higienisme i les solucions que va aplicar Dom\u00e8nech i Montaner a l\u2019Hospital de la Santa Creu i Sant Pau, per convertir-lo en un centre capdavanter i de refer\u00e8ncia al segle XX. Tamb\u00e9 han pogut visitar un pis totalment adaptat, dom\u00f2tic i digital, per tal d&#8217;experimentar les limitacions amb qu\u00e8 es troben les persones amb discapacitat i\/o depend\u00e8ncia. Seguim avan\u00e7ant i ens seguim formant: aprenem dels millors!<\/span><img loading=\"lazy\" decoding=\"async\" class=\"alignnone size-medium wp-image-2646\" src=\"https:\/\/agora.xtec.cat\/inspontdeldiable\/wp-content\/uploads\/usu2039\/2025\/03\/IMG_6344-300x225.jpeg\" alt=\"\" width=\"300\" height=\"225\" srcset=\"https:\/\/agora.xtec.cat\/inspontdeldiable\/wp-content\/uploads\/usu2039\/2025\/03\/IMG_6344-300x225.jpeg 300w, https:\/\/agora.xtec.cat\/inspontdeldiable\/wp-content\/uploads\/usu2039\/2025\/03\/IMG_6344-1024x768.jpeg 1024w, https:\/\/agora.xtec.cat\/inspontdeldiable\/wp-content\/uploads\/usu2039\/2025\/03\/IMG_6344-768x576.jpeg 768w, https:\/\/agora.xtec.cat\/inspontdeldiable\/wp-content\/uploads\/usu2039\/2025\/03\/IMG_6344-1536x1152.jpeg 1536w, https:\/\/agora.xtec.cat\/inspontdeldiable\/wp-content\/uploads\/usu2039\/2025\/03\/IMG_6344-2048x1536.jpeg 2048w, https:\/\/agora.xtec.cat\/inspontdeldiable\/wp-content\/uploads\/usu2039\/2025\/03\/IMG_6344-200x150.jpeg 200w\" sizes=\"auto, (max-width: 300px) 100vw, 300px\" \/><\/p>\n","protected":false},"excerpt":{"rendered":"<p>El nostre alumnat de 1r i 2n del Cicle Formatiu de Grau Mitj\u00e0 d&#8217;Atenci\u00f3 a Persones en Situaci\u00f3 de Depend\u00e8ncia (APSD) ha visitat, el dia 18 de mar\u00e7, l&#8217;Hospital de la Santa Creu i Sant Pau i el Centre de Vida Independent de Barcelona. Una&hellip;  <a href=\"https:\/\/agora.xtec.cat\/inspontdeldiable\/portada\/apsd-gran-jornada-daprenentatge-a-barcelona\/\" title=\"Read APSD: gran jornada d\u2019aprenentatge a Barcelona\">Llegeix m\u00e9s\u00bb<\/a><\/p>\n","protected":false},"author":1,"featured_media":2646,"comment_status":"open","ping_status":"closed","sticky":false,"template":"","format":"standard","meta":{"_bbp_topic_count":0,"_bbp_reply_count":0,"_bbp_total_topic_count":0,"_bbp_total_reply_count":0,"_bbp_voice_count":0,"_bbp_anonymous_reply_count":0,"_bbp_topic_count_hidden":0,"_bbp_reply_count_hidden":0,"_bbp_forum_subforum_count":0,"footnotes":""},"categories":[30,29,104],"tags":[],"class_list":["post-2645","post","type-post","status-publish","format-standard","has-post-thumbnail","hentry","category-cicles-formatius","category-portada","category-tapsd"],"post_mailing_queue_ids":[],"_links":{"self":[{"href":"https:\/\/agora.xtec.cat\/inspontdeldiable\/wp-json\/wp\/v2\/posts\/2645","targetHints":{"allow":["GET"]}}],"collection":[{"href":"https:\/\/agora.xtec.cat\/inspontdeldiable\/wp-json\/wp\/v2\/posts"}],"about":[{"href":"https:\/\/agora.xtec.cat\/inspontdeldiable\/wp-json\/wp\/v2\/types\/post"}],"author":[{"embeddable":true,"href":"https:\/\/agora.xtec.cat\/inspontdeldiable\/wp-json\/wp\/v2\/users\/1"}],"replies":[{"embeddable":true,"href":"https:\/\/agora.xtec.cat\/inspontdeldiable\/wp-json\/wp\/v2\/comments?post=2645"}],"version-history":[{"count":1,"href":"https:\/\/agora.xtec.cat\/inspontdeldiable\/wp-json\/wp\/v2\/posts\/2645\/revisions"}],"predecessor-version":[{"id":2647,"href":"https:\/\/agora.xtec.cat\/inspontdeldiable\/wp-json\/wp\/v2\/posts\/2645\/revisions\/2647"}],"wp:featuredmedia":[{"embeddable":true,"href":"https:\/\/agora.xtec.cat\/inspontdeldiable\/wp-json\/wp\/v2\/media\/2646"}],"wp:attachment":[{"href":"https:\/\/agora.xtec.cat\/inspontdeldiable\/wp-json\/wp\/v2\/media?parent=2645"}],"wp:term":[{"taxonomy":"category","embeddable":true,"href":"https:\/\/agora.xtec.cat\/inspontdeldiable\/wp-json\/wp\/v2\/categories?post=2645"},{"taxonomy":"post_tag","embeddable":true,"href":"https:\/\/agora.xtec.cat\/inspontdeldiable\/wp-json\/wp\/v2\/tags?post=2645"}],"curies":[{"name":"wp","href":"https:\/\/api.w.org\/{rel}","templated":true}]}}