{"id":2622,"date":"2024-12-18T15:35:52","date_gmt":"2024-12-18T14:35:52","guid":{"rendered":"https:\/\/agora.xtec.cat\/inspontdeldiable\/?p=2622"},"modified":"2025-02-25T20:51:57","modified_gmt":"2025-02-25T19:51:57","slug":"aula-tecnologica-a-cicles-formatius","status":"publish","type":"post","link":"https:\/\/agora.xtec.cat\/inspontdeldiable\/cicles-formatius\/cai\/aula-tecnologica-a-cicles-formatius\/","title":{"rendered":"Aula Tecnol\u00f2gica a Cicles Formatius"},"content":{"rendered":"<p align=\"left\"><span style=\"color: #535354;\"><span style=\"font-family: Arial, sans-serif;\"><span style=\"font-size: small;\">L\u2019institut Pont del Diable ha rebut la dotaci\u00f3 de material per a l\u2019<strong>aula tecnol\u00f2gica<\/strong> &#8220;Aula <\/span><\/span><\/span><span style=\"color: #535354;\"><span style=\"font-family: Arial, sans-serif;\"><span style=\"font-size: small;\">ATECA&#8221;. \u00c9s<\/span><\/span><\/span><span style=\"color: #535354;\"><span style=\"font-family: Arial, sans-serif;\"><span style=\"font-size: small;\">\u00a0un<\/span><\/span><\/span><span style=\"color: #535354;\"><span style=\"font-family: Arial, sans-serif;\"><span style=\"font-size: small;\"> espai excepcional per al desenvolupament de <\/span><\/span><\/span><strong><span style=\"color: #535354;\"><span style=\"font-family: Arial, sans-serif;\"><span style=\"font-size: small;\"><b>projectes d&#8217;innovaci\u00f3 i aprenentatges digitals<\/b><\/span><\/span><\/span><\/strong><span style=\"color: #535354;\"><span style=\"font-family: Arial, sans-serif;\"><span style=\"font-size: small;\">, proporcionant <\/span><\/span><\/span><span style=\"color: #535354;\"><span style=\"font-family: Arial, sans-serif;\"><span style=\"font-size: small;\">a l\u2019alumnat dels cicles formatius<\/span><\/span><\/span><span style=\"color: #535354;\"><span style=\"font-family: Arial, sans-serif;\"><span style=\"font-size: small;\"> un entorn enriquidor rodejat de tecnologia avan\u00e7ada.<\/span><\/span><\/span><\/p>\n<p align=\"left\"><span style=\"color: #535354;\"><span style=\"font-family: Arial, sans-serif;\"><span style=\"font-size: small;\">Aquesta fusi\u00f3 d&#8217;innovaci\u00f3 i educaci\u00f3 t\u00e8cnica crea una experi\u00e8ncia \u00fanica, preparant als estudiants per<\/span><\/span><\/span> <strong><span style=\"color: #535354;\"><span style=\"font-family: Arial, sans-serif;\"><span style=\"font-size: small;\"><b>afrontar els reptes de la societat digital actual <\/b><\/span><\/span><\/span><\/strong><span style=\"color: #535354;\"><span style=\"font-family: Arial, sans-serif;\"><span style=\"font-size: small;\">amb confian\u00e7a i habilitats excepcionals.<\/span><\/span><\/span><\/p>\n<p align=\"left\"><span style=\"font-family: Arial, sans-serif;\"><span style=\"font-size: small;\"><span style=\"color: #535354;\">Es disposa de material personalitzat a les nostres necessitats de formaci\u00f3 professional i l\u2019equip docent ha rebut una formaci\u00f3 completa per tal d\u2019assegurar-nos d\u2019<\/span><span style=\"color: #535354;\">una transici\u00f3 fluida i eficient cap a l&#8217;\u00fas \u00f2ptim de les tecnologies al centre.<\/span><\/span><\/span><\/p>\n<p align=\"left\"><span style=\"font-family: Arial, sans-serif;\"><span style=\"font-size: small;\"><span style=\"color: #535354;\">Tot el material ha estat <\/span><strong><span style=\"color: #535354;\">finan\u00e7<\/span><span style=\"color: #535354;\">at <\/span><span style=\"color: #535354;\">pel Ministerio de Educaci\u00f3n, Formaci\u00f3n Profesional y Deportes i per la Uni\u00f3 Europea-Next GenerationEU.<\/span><\/strong><\/span><\/span><\/p>\n<p align=\"left\"><img loading=\"lazy\" decoding=\"async\" class=\"alignnone wp-image-2629\" src=\"https:\/\/agora.xtec.cat\/inspontdeldiable\/wp-content\/uploads\/usu2039\/2025\/02\/LOGOTIPS-I-FRASE-MRR23-300x37.jpg\" alt=\"\" width=\"544\" height=\"67\" srcset=\"https:\/\/agora.xtec.cat\/inspontdeldiable\/wp-content\/uploads\/usu2039\/2025\/02\/LOGOTIPS-I-FRASE-MRR23-300x37.jpg 300w, https:\/\/agora.xtec.cat\/inspontdeldiable\/wp-content\/uploads\/usu2039\/2025\/02\/LOGOTIPS-I-FRASE-MRR23-1024x125.jpg 1024w, https:\/\/agora.xtec.cat\/inspontdeldiable\/wp-content\/uploads\/usu2039\/2025\/02\/LOGOTIPS-I-FRASE-MRR23-768x94.jpg 768w, https:\/\/agora.xtec.cat\/inspontdeldiable\/wp-content\/uploads\/usu2039\/2025\/02\/LOGOTIPS-I-FRASE-MRR23-1536x188.jpg 1536w, https:\/\/agora.xtec.cat\/inspontdeldiable\/wp-content\/uploads\/usu2039\/2025\/02\/LOGOTIPS-I-FRASE-MRR23-2048x251.jpg 2048w\" sizes=\"auto, (max-width: 544px) 100vw, 544px\" \/><\/p>\n<p align=\"left\"><img loading=\"lazy\" decoding=\"async\" class=\"alignnone size-medium wp-image-2633\" src=\"https:\/\/agora.xtec.cat\/inspontdeldiable\/wp-content\/uploads\/usu2039\/2025\/02\/odontologia-300x135.jpg\" alt=\"\" width=\"300\" height=\"135\" srcset=\"https:\/\/agora.xtec.cat\/inspontdeldiable\/wp-content\/uploads\/usu2039\/2025\/02\/odontologia-300x135.jpg 300w, https:\/\/agora.xtec.cat\/inspontdeldiable\/wp-content\/uploads\/usu2039\/2025\/02\/odontologia.jpg 512w\" sizes=\"auto, (max-width: 300px) 100vw, 300px\" \/><\/p>\n<p align=\"left\"><img loading=\"lazy\" decoding=\"async\" class=\"alignnone size-medium wp-image-2632\" src=\"https:\/\/agora.xtec.cat\/inspontdeldiable\/wp-content\/uploads\/usu2039\/2025\/02\/llits-300x135.jpg\" alt=\"\" width=\"300\" height=\"135\" srcset=\"https:\/\/agora.xtec.cat\/inspontdeldiable\/wp-content\/uploads\/usu2039\/2025\/02\/llits-300x135.jpg 300w, https:\/\/agora.xtec.cat\/inspontdeldiable\/wp-content\/uploads\/usu2039\/2025\/02\/llits.jpg 512w\" sizes=\"auto, (max-width: 300px) 100vw, 300px\" \/><\/p>\n<p align=\"left\">\n","protected":false},"excerpt":{"rendered":"<p>L\u2019institut Pont del Diable ha rebut la dotaci\u00f3 de material per a l\u2019aula tecnol\u00f2gica &#8220;Aula ATECA&#8221;. \u00c9s\u00a0un espai excepcional per al desenvolupament de projectes d&#8217;innovaci\u00f3 i aprenentatges digitals, proporcionant a l\u2019alumnat dels cicles formatius un entorn enriquidor rodejat de tecnologia avan\u00e7ada.<br \/>\nAquesta fusi\u00f3 d&#8217;innovaci\u00f3 i educaci\u00f3&hellip;  <a href=\"https:\/\/agora.xtec.cat\/inspontdeldiable\/cicles-formatius\/cai\/aula-tecnologica-a-cicles-formatius\/\" title=\"Read Aula Tecnol\u00f2gica a Cicles Formatius\">Llegeix m\u00e9s\u00bb<\/a><\/p>\n","protected":false},"author":1,"featured_media":2632,"comment_status":"open","ping_status":"closed","sticky":false,"template":"","format":"standard","meta":{"_bbp_topic_count":0,"_bbp_reply_count":0,"_bbp_total_topic_count":0,"_bbp_total_reply_count":0,"_bbp_voice_count":0,"_bbp_anonymous_reply_count":0,"_bbp_topic_count_hidden":0,"_bbp_reply_count_hidden":0,"_bbp_forum_subforum_count":0,"footnotes":""},"categories":[8,30,29,104],"tags":[144,189,108,115],"class_list":["post-2622","post","type-post","status-publish","format-standard","has-post-thumbnail","hentry","category-cai","category-cicles-formatius","category-portada","category-tapsd","tag-apsd","tag-ateca","tag-cai","tag-cicles-formatius"],"post_mailing_queue_ids":[],"_links":{"self":[{"href":"https:\/\/agora.xtec.cat\/inspontdeldiable\/wp-json\/wp\/v2\/posts\/2622","targetHints":{"allow":["GET"]}}],"collection":[{"href":"https:\/\/agora.xtec.cat\/inspontdeldiable\/wp-json\/wp\/v2\/posts"}],"about":[{"href":"https:\/\/agora.xtec.cat\/inspontdeldiable\/wp-json\/wp\/v2\/types\/post"}],"author":[{"embeddable":true,"href":"https:\/\/agora.xtec.cat\/inspontdeldiable\/wp-json\/wp\/v2\/users\/1"}],"replies":[{"embeddable":true,"href":"https:\/\/agora.xtec.cat\/inspontdeldiable\/wp-json\/wp\/v2\/comments?post=2622"}],"version-history":[{"count":6,"href":"https:\/\/agora.xtec.cat\/inspontdeldiable\/wp-json\/wp\/v2\/posts\/2622\/revisions"}],"predecessor-version":[{"id":2639,"href":"https:\/\/agora.xtec.cat\/inspontdeldiable\/wp-json\/wp\/v2\/posts\/2622\/revisions\/2639"}],"wp:featuredmedia":[{"embeddable":true,"href":"https:\/\/agora.xtec.cat\/inspontdeldiable\/wp-json\/wp\/v2\/media\/2632"}],"wp:attachment":[{"href":"https:\/\/agora.xtec.cat\/inspontdeldiable\/wp-json\/wp\/v2\/media?parent=2622"}],"wp:term":[{"taxonomy":"category","embeddable":true,"href":"https:\/\/agora.xtec.cat\/inspontdeldiable\/wp-json\/wp\/v2\/categories?post=2622"},{"taxonomy":"post_tag","embeddable":true,"href":"https:\/\/agora.xtec.cat\/inspontdeldiable\/wp-json\/wp\/v2\/tags?post=2622"}],"curies":[{"name":"wp","href":"https:\/\/api.w.org\/{rel}","templated":true}]}}