{"id":2615,"date":"2025-02-24T11:04:55","date_gmt":"2025-02-24T10:04:55","guid":{"rendered":"https:\/\/agora.xtec.cat\/inspontdeldiable\/?p=2615"},"modified":"2025-02-24T13:17:06","modified_gmt":"2025-02-24T12:17:06","slug":"sortida-fira-camins-fp-02-25","status":"publish","type":"post","link":"https:\/\/agora.xtec.cat\/inspontdeldiable\/general\/sortida-fira-camins-fp-02-25\/","title":{"rendered":"Visitem m\u00e9s de 40 estands de FP a la Fira Camins de Tarragona"},"content":{"rendered":"<p>&nbsp;<\/p>\n<p><span style=\"font-weight: 400;\">L\u2019alumnat de 4t d&#8217;ESO de l\u2019INS Pont del Diable ha visitat, els dies 19 i 20 de febrer, la Fira Camins FP que ha tingut lloc al Palau Firal i de Congressos de Tarragona. Dos matins m\u00e9s que interessants!<\/span><\/p>\n<p><span style=\"font-weight: 400;\">En aquesta fira, els nostres joves han pogut visitar els estands de m\u00e9s d&#8217;una quarantena d&#8217;entitats i han conegut tota l&#8217;oferta de formaci\u00f3 professional del territori i el ventall d\u2019oportunitats per al desenvolupament del seu futur itinerari professional. \u00c9s important\u00edssim seguir estudiant en la pr\u00f2xima etapa vital que els espera despr\u00e9s de l\u2019ESO, i els seguim animant a continuar el cam\u00ed.<\/span><\/p>\n<p>Si cliqueu en la imatge podeu veure les fotos de la sortida.<\/p>\n<p style=\"text-align: center;\"><a href=\"https:\/\/drive.google.com\/drive\/folders\/19WTGGyX8sxTyH9EmqZU3Ks9A6RGe6NSF?usp=sharing\"><img loading=\"lazy\" decoding=\"async\" class=\"alignnone size-medium wp-image-2616\" src=\"https:\/\/agora.xtec.cat\/inspontdeldiable\/wp-content\/uploads\/usu2039\/2025\/02\/Copia-de-7ffc6829-bf81-44c7-9a5f-ad6949a81647-225x300.jpg\" alt=\"\" width=\"225\" height=\"300\" \/><\/a>\u00a0 <img loading=\"lazy\" decoding=\"async\" class=\"alignnone size-medium wp-image-2617\" src=\"https:\/\/agora.xtec.cat\/inspontdeldiable\/wp-content\/uploads\/usu2039\/2025\/02\/Copia-de-da9a858c-9afe-4d3f-95e6-682c4d59f8b2-225x300.jpg\" alt=\"\" width=\"225\" height=\"300\" srcset=\"https:\/\/agora.xtec.cat\/inspontdeldiable\/wp-content\/uploads\/usu2039\/2025\/02\/Copia-de-da9a858c-9afe-4d3f-95e6-682c4d59f8b2-225x300.jpg 225w, https:\/\/agora.xtec.cat\/inspontdeldiable\/wp-content\/uploads\/usu2039\/2025\/02\/Copia-de-da9a858c-9afe-4d3f-95e6-682c4d59f8b2-768x1024.jpg 768w, https:\/\/agora.xtec.cat\/inspontdeldiable\/wp-content\/uploads\/usu2039\/2025\/02\/Copia-de-da9a858c-9afe-4d3f-95e6-682c4d59f8b2-1152x1536.jpg 1152w, https:\/\/agora.xtec.cat\/inspontdeldiable\/wp-content\/uploads\/usu2039\/2025\/02\/Copia-de-da9a858c-9afe-4d3f-95e6-682c4d59f8b2.jpg 1536w\" sizes=\"auto, (max-width: 225px) 100vw, 225px\" \/><\/p>\n","protected":false},"excerpt":{"rendered":"<p>&nbsp;<br \/>\nL\u2019alumnat de 4t d&#8217;ESO de l\u2019INS Pont del Diable ha visitat, els dies 19 i 20 de febrer, la Fira Camins FP que ha tingut lloc al Palau Firal i de Congressos de Tarragona. Dos matins m\u00e9s que interessants!<br \/>\nEn aquesta fira, els nostres joves han&hellip;  <a href=\"https:\/\/agora.xtec.cat\/inspontdeldiable\/general\/sortida-fira-camins-fp-02-25\/\" title=\"Read Visitem m\u00e9s de 40 estands de FP a la Fira Camins de Tarragona\">Llegeix m\u00e9s\u00bb<\/a><\/p>\n","protected":false},"author":1,"featured_media":2616,"comment_status":"open","ping_status":"closed","sticky":false,"template":"","format":"standard","meta":{"_bbp_topic_count":0,"_bbp_reply_count":0,"_bbp_total_topic_count":0,"_bbp_total_reply_count":0,"_bbp_voice_count":0,"_bbp_anonymous_reply_count":0,"_bbp_topic_count_hidden":0,"_bbp_reply_count_hidden":0,"_bbp_forum_subforum_count":0,"footnotes":""},"categories":[7,1,29],"tags":[],"class_list":["post-2615","post","type-post","status-publish","format-standard","has-post-thumbnail","hentry","category-eso-4","category-general","category-portada"],"post_mailing_queue_ids":[],"_links":{"self":[{"href":"https:\/\/agora.xtec.cat\/inspontdeldiable\/wp-json\/wp\/v2\/posts\/2615","targetHints":{"allow":["GET"]}}],"collection":[{"href":"https:\/\/agora.xtec.cat\/inspontdeldiable\/wp-json\/wp\/v2\/posts"}],"about":[{"href":"https:\/\/agora.xtec.cat\/inspontdeldiable\/wp-json\/wp\/v2\/types\/post"}],"author":[{"embeddable":true,"href":"https:\/\/agora.xtec.cat\/inspontdeldiable\/wp-json\/wp\/v2\/users\/1"}],"replies":[{"embeddable":true,"href":"https:\/\/agora.xtec.cat\/inspontdeldiable\/wp-json\/wp\/v2\/comments?post=2615"}],"version-history":[{"count":4,"href":"https:\/\/agora.xtec.cat\/inspontdeldiable\/wp-json\/wp\/v2\/posts\/2615\/revisions"}],"predecessor-version":[{"id":2621,"href":"https:\/\/agora.xtec.cat\/inspontdeldiable\/wp-json\/wp\/v2\/posts\/2615\/revisions\/2621"}],"wp:featuredmedia":[{"embeddable":true,"href":"https:\/\/agora.xtec.cat\/inspontdeldiable\/wp-json\/wp\/v2\/media\/2616"}],"wp:attachment":[{"href":"https:\/\/agora.xtec.cat\/inspontdeldiable\/wp-json\/wp\/v2\/media?parent=2615"}],"wp:term":[{"taxonomy":"category","embeddable":true,"href":"https:\/\/agora.xtec.cat\/inspontdeldiable\/wp-json\/wp\/v2\/categories?post=2615"},{"taxonomy":"post_tag","embeddable":true,"href":"https:\/\/agora.xtec.cat\/inspontdeldiable\/wp-json\/wp\/v2\/tags?post=2615"}],"curies":[{"name":"wp","href":"https:\/\/api.w.org\/{rel}","templated":true}]}}