{"id":2414,"date":"2024-02-14T10:57:36","date_gmt":"2024-02-14T09:57:36","guid":{"rendered":"https:\/\/agora.xtec.cat\/inspontdeldiable\/?p=2414"},"modified":"2024-02-14T10:57:36","modified_gmt":"2024-02-14T09:57:36","slug":"sortida-al-museu-dart-modern-alumnat-de-2n-eso","status":"publish","type":"post","link":"https:\/\/agora.xtec.cat\/inspontdeldiable\/general\/sortida-al-museu-dart-modern-alumnat-de-2n-eso\/","title":{"rendered":"SORTIDA AL MUSEU D&#8217;ART MODERN ALUMNAT DE 2n ESO"},"content":{"rendered":"<p>La setmana passada, l&#8217;alumnat del 2n curs de l&#8217;ESO, van visitar el Museu d&#8217;Art Modern de la Diputaci\u00f3 de Tarragona. Van tenir l&#8217;oportunitat de treballar la t\u00e8cnica dels cad\u00e0vers exquisits que utilitzaven al surrealisme. Les tres classes, 2n A, 2n B i 2n C, van fer de manera coordinada un collage creatiu, divertit i did\u00e0ctic.<\/p>\n","protected":false},"excerpt":{"rendered":"<p>La setmana passada, l&#8217;alumnat del 2n curs de l&#8217;ESO, van visitar el Museu d&#8217;Art Modern de la Diputaci\u00f3 de Tarragona. Van tenir l&#8217;oportunitat de treballar la t\u00e8cnica dels cad\u00e0vers exquisits que utilitzaven al surrealisme. Les tres classes, 2n A, 2n B i 2n C, van&hellip;  <a href=\"https:\/\/agora.xtec.cat\/inspontdeldiable\/general\/sortida-al-museu-dart-modern-alumnat-de-2n-eso\/\" title=\"Read SORTIDA AL MUSEU D&#8217;ART MODERN ALUMNAT DE 2n ESO\">Llegeix m\u00e9s\u00bb<\/a><\/p>\n","protected":false},"author":1,"featured_media":2415,"comment_status":"open","ping_status":"closed","sticky":false,"template":"","format":"standard","meta":{"_bbp_topic_count":0,"_bbp_reply_count":0,"_bbp_total_topic_count":0,"_bbp_total_reply_count":0,"_bbp_voice_count":0,"_bbp_anonymous_reply_count":0,"_bbp_topic_count_hidden":0,"_bbp_reply_count_hidden":0,"_bbp_forum_subforum_count":0,"footnotes":""},"categories":[5,1,29],"tags":[174,39,171],"class_list":["post-2414","post","type-post","status-publish","format-standard","has-post-thumbnail","hentry","category-eso-2","category-general","category-portada","tag-museu","tag-sortides","tag-visual-i-plastica"],"post_mailing_queue_ids":[],"_links":{"self":[{"href":"https:\/\/agora.xtec.cat\/inspontdeldiable\/wp-json\/wp\/v2\/posts\/2414","targetHints":{"allow":["GET"]}}],"collection":[{"href":"https:\/\/agora.xtec.cat\/inspontdeldiable\/wp-json\/wp\/v2\/posts"}],"about":[{"href":"https:\/\/agora.xtec.cat\/inspontdeldiable\/wp-json\/wp\/v2\/types\/post"}],"author":[{"embeddable":true,"href":"https:\/\/agora.xtec.cat\/inspontdeldiable\/wp-json\/wp\/v2\/users\/1"}],"replies":[{"embeddable":true,"href":"https:\/\/agora.xtec.cat\/inspontdeldiable\/wp-json\/wp\/v2\/comments?post=2414"}],"version-history":[{"count":1,"href":"https:\/\/agora.xtec.cat\/inspontdeldiable\/wp-json\/wp\/v2\/posts\/2414\/revisions"}],"predecessor-version":[{"id":2416,"href":"https:\/\/agora.xtec.cat\/inspontdeldiable\/wp-json\/wp\/v2\/posts\/2414\/revisions\/2416"}],"wp:featuredmedia":[{"embeddable":true,"href":"https:\/\/agora.xtec.cat\/inspontdeldiable\/wp-json\/wp\/v2\/media\/2415"}],"wp:attachment":[{"href":"https:\/\/agora.xtec.cat\/inspontdeldiable\/wp-json\/wp\/v2\/media?parent=2414"}],"wp:term":[{"taxonomy":"category","embeddable":true,"href":"https:\/\/agora.xtec.cat\/inspontdeldiable\/wp-json\/wp\/v2\/categories?post=2414"},{"taxonomy":"post_tag","embeddable":true,"href":"https:\/\/agora.xtec.cat\/inspontdeldiable\/wp-json\/wp\/v2\/tags?post=2414"}],"curies":[{"name":"wp","href":"https:\/\/api.w.org\/{rel}","templated":true}]}}