{"id":2266,"date":"2023-05-03T12:20:20","date_gmt":"2023-05-03T10:20:20","guid":{"rendered":"https:\/\/agora.xtec.cat\/inspontdeldiable\/?p=2266"},"modified":"2023-05-03T12:22:20","modified_gmt":"2023-05-03T10:22:20","slug":"taller-llum-i-color","status":"publish","type":"post","link":"https:\/\/agora.xtec.cat\/inspontdeldiable\/general\/taller-llum-i-color\/","title":{"rendered":"TALLER LLUM I COLOR"},"content":{"rendered":"<p>L&#8217;alumnat de 2n de l&#8217;ESO, han anat a un taller realitzat per CaixaForum on han descobert les caracter\u00edstiques i propietats de la llum. Han descobert que tots els \u00e9ssers vius no veiem de la mateixa manera el que ens envolta. Han experimentat amb les lleis de la reflexi\u00f3 i la refracci\u00f3, la descomposici\u00f3 de la llum blanca i la fluoresc\u00e8ncia, per poder interpretar diversos fen\u00f2mens \u00f2ptics.<\/p>\n<p>Clica <a href=\"https:\/\/photos.app.goo.gl\/n3ew8nV4UjBpWVJB7\">aqu\u00ed<\/a> per veure les imatges del taller<\/p>\n","protected":false},"excerpt":{"rendered":"<p>L&#8217;alumnat de 2n de l&#8217;ESO, han anat a un taller realitzat per CaixaForum on han descobert les caracter\u00edstiques i propietats de la llum. Han descobert que tots els \u00e9ssers vius no veiem de la mateixa manera el que ens envolta. Han experimentat amb les lleis&hellip;  <a href=\"https:\/\/agora.xtec.cat\/inspontdeldiable\/general\/taller-llum-i-color\/\" title=\"Read TALLER LLUM I COLOR\">Llegeix m\u00e9s\u00bb<\/a><\/p>\n","protected":false},"author":1,"featured_media":2267,"comment_status":"open","ping_status":"closed","sticky":false,"template":"","format":"standard","meta":{"_bbp_topic_count":0,"_bbp_reply_count":0,"_bbp_total_topic_count":0,"_bbp_total_reply_count":0,"_bbp_voice_count":0,"_bbp_anonymous_reply_count":0,"_bbp_topic_count_hidden":0,"_bbp_reply_count_hidden":0,"_bbp_forum_subforum_count":0,"footnotes":""},"categories":[5,1,29],"tags":[123,156,107,153],"class_list":["post-2266","post","type-post","status-publish","format-standard","has-post-thumbnail","hentry","category-eso-2","category-general","category-portada","tag-2-eso","tag-caixaforum","tag-fisica-i-quimica","tag-taller"],"post_mailing_queue_ids":[],"_links":{"self":[{"href":"https:\/\/agora.xtec.cat\/inspontdeldiable\/wp-json\/wp\/v2\/posts\/2266","targetHints":{"allow":["GET"]}}],"collection":[{"href":"https:\/\/agora.xtec.cat\/inspontdeldiable\/wp-json\/wp\/v2\/posts"}],"about":[{"href":"https:\/\/agora.xtec.cat\/inspontdeldiable\/wp-json\/wp\/v2\/types\/post"}],"author":[{"embeddable":true,"href":"https:\/\/agora.xtec.cat\/inspontdeldiable\/wp-json\/wp\/v2\/users\/1"}],"replies":[{"embeddable":true,"href":"https:\/\/agora.xtec.cat\/inspontdeldiable\/wp-json\/wp\/v2\/comments?post=2266"}],"version-history":[{"count":3,"href":"https:\/\/agora.xtec.cat\/inspontdeldiable\/wp-json\/wp\/v2\/posts\/2266\/revisions"}],"predecessor-version":[{"id":2270,"href":"https:\/\/agora.xtec.cat\/inspontdeldiable\/wp-json\/wp\/v2\/posts\/2266\/revisions\/2270"}],"wp:featuredmedia":[{"embeddable":true,"href":"https:\/\/agora.xtec.cat\/inspontdeldiable\/wp-json\/wp\/v2\/media\/2267"}],"wp:attachment":[{"href":"https:\/\/agora.xtec.cat\/inspontdeldiable\/wp-json\/wp\/v2\/media?parent=2266"}],"wp:term":[{"taxonomy":"category","embeddable":true,"href":"https:\/\/agora.xtec.cat\/inspontdeldiable\/wp-json\/wp\/v2\/categories?post=2266"},{"taxonomy":"post_tag","embeddable":true,"href":"https:\/\/agora.xtec.cat\/inspontdeldiable\/wp-json\/wp\/v2\/tags?post=2266"}],"curies":[{"name":"wp","href":"https:\/\/api.w.org\/{rel}","templated":true}]}}