{"id":2216,"date":"2023-03-17T09:26:39","date_gmt":"2023-03-17T08:26:39","guid":{"rendered":"https:\/\/agora.xtec.cat\/inspontdeldiable\/?p=2216"},"modified":"2023-03-27T09:36:34","modified_gmt":"2023-03-27T07:36:34","slug":"sortida-dhistoria-barcelona","status":"publish","type":"post","link":"https:\/\/agora.xtec.cat\/inspontdeldiable\/general\/sortida-dhistoria-barcelona\/","title":{"rendered":"SORTIDA D&#8217;HIST\u00d2RIA BARCELONA"},"content":{"rendered":"<p>El passat dimecres 15 de mar\u00e7, des de la mat\u00e8ria d&#8217;hist\u00f2ria , l&#8217;alumnat de 4t d&#8217;ESO va visitar alguns dels monuments i museus m\u00e9s emblem\u00e0tics de la ciutat comtal. En primer lloc, vam fer una visita guiada per la Sagrada Fam\u00edlia per aprofundir sobre el modernisme catal\u00e0 i, sobretot, per descobrir m\u00e9s aspectes del seu autor, Antoni Gaud\u00ed. La segona parada va ser al MNAC (Museu Nacional d&#8217;Art de Catalunya), en el qual l&#8217;alumnat va haver de desxifrar\u00a0una s\u00e8rie d&#8217;enigmes per acabar descobrint algunes de les obres m\u00e9s importants que alberga el museu. A la tarda i per acabar, vam visitar el MAC (Museu Arqueol\u00f2gic de Catalunya), en el qual vam posar-nos a la pell de les persones que es dediquen a l&#8217;arqueologia subaqu\u00e0tica a trav\u00e9s d&#8217;una emocionant escape room. Cal dir que l&#8217;alumnat s&#8217;ho va passar molt b\u00e9 i va aprendre d&#8217;una manera diferent.<\/p>\n<p><img loading=\"lazy\" decoding=\"async\" class=\"alignnone size-full wp-image-2219\" src=\"https:\/\/agora.xtec.cat\/inspontdeldiable\/wp-content\/uploads\/usu2039\/2023\/03\/IMG_1703.jpg\" alt=\"\" width=\"605\" height=\"807\" srcset=\"https:\/\/agora.xtec.cat\/inspontdeldiable\/wp-content\/uploads\/usu2039\/2023\/03\/IMG_1703.jpg 605w, https:\/\/agora.xtec.cat\/inspontdeldiable\/wp-content\/uploads\/usu2039\/2023\/03\/IMG_1703-225x300.jpg 225w\" sizes=\"auto, (max-width: 605px) 100vw, 605px\" \/><\/p>\n<p><img loading=\"lazy\" decoding=\"async\" class=\"alignnone size-full wp-image-2220\" src=\"https:\/\/agora.xtec.cat\/inspontdeldiable\/wp-content\/uploads\/usu2039\/2023\/03\/IMG_1705.jpg\" alt=\"\" width=\"605\" height=\"807\" srcset=\"https:\/\/agora.xtec.cat\/inspontdeldiable\/wp-content\/uploads\/usu2039\/2023\/03\/IMG_1705.jpg 605w, https:\/\/agora.xtec.cat\/inspontdeldiable\/wp-content\/uploads\/usu2039\/2023\/03\/IMG_1705-225x300.jpg 225w\" sizes=\"auto, (max-width: 605px) 100vw, 605px\" \/><\/p>\n<p><img loading=\"lazy\" decoding=\"async\" class=\"alignnone size-full wp-image-2221\" src=\"https:\/\/agora.xtec.cat\/inspontdeldiable\/wp-content\/uploads\/usu2039\/2023\/03\/IMG_1716.jpg\" alt=\"\" width=\"807\" height=\"605\" srcset=\"https:\/\/agora.xtec.cat\/inspontdeldiable\/wp-content\/uploads\/usu2039\/2023\/03\/IMG_1716.jpg 807w, https:\/\/agora.xtec.cat\/inspontdeldiable\/wp-content\/uploads\/usu2039\/2023\/03\/IMG_1716-300x225.jpg 300w, https:\/\/agora.xtec.cat\/inspontdeldiable\/wp-content\/uploads\/usu2039\/2023\/03\/IMG_1716-768x576.jpg 768w, https:\/\/agora.xtec.cat\/inspontdeldiable\/wp-content\/uploads\/usu2039\/2023\/03\/IMG_1716-200x150.jpg 200w\" sizes=\"auto, (max-width: 807px) 100vw, 807px\" \/><\/p>\n","protected":false},"excerpt":{"rendered":"<p>El passat dimecres 15 de mar\u00e7, des de la mat\u00e8ria d&#8217;hist\u00f2ria , l&#8217;alumnat de 4t d&#8217;ESO va visitar alguns dels monuments i museus m\u00e9s emblem\u00e0tics de la ciutat comtal. En primer lloc, vam fer una visita guiada per la Sagrada Fam\u00edlia per aprofundir sobre el&hellip;  <a href=\"https:\/\/agora.xtec.cat\/inspontdeldiable\/general\/sortida-dhistoria-barcelona\/\" title=\"Read SORTIDA D&#8217;HIST\u00d2RIA BARCELONA\">Llegeix m\u00e9s\u00bb<\/a><\/p>\n","protected":false},"author":1,"featured_media":2218,"comment_status":"open","ping_status":"closed","sticky":false,"template":"","format":"standard","meta":{"_bbp_topic_count":0,"_bbp_reply_count":0,"_bbp_total_topic_count":0,"_bbp_total_reply_count":0,"_bbp_voice_count":0,"_bbp_anonymous_reply_count":0,"_bbp_topic_count_hidden":0,"_bbp_reply_count_hidden":0,"_bbp_forum_subforum_count":0,"footnotes":""},"categories":[7,1,29],"tags":[133,127,39],"class_list":["post-2216","post","type-post","status-publish","format-standard","has-post-thumbnail","hentry","category-eso-4","category-general","category-portada","tag-4-eso","tag-socials","tag-sortides"],"post_mailing_queue_ids":[],"_links":{"self":[{"href":"https:\/\/agora.xtec.cat\/inspontdeldiable\/wp-json\/wp\/v2\/posts\/2216","targetHints":{"allow":["GET"]}}],"collection":[{"href":"https:\/\/agora.xtec.cat\/inspontdeldiable\/wp-json\/wp\/v2\/posts"}],"about":[{"href":"https:\/\/agora.xtec.cat\/inspontdeldiable\/wp-json\/wp\/v2\/types\/post"}],"author":[{"embeddable":true,"href":"https:\/\/agora.xtec.cat\/inspontdeldiable\/wp-json\/wp\/v2\/users\/1"}],"replies":[{"embeddable":true,"href":"https:\/\/agora.xtec.cat\/inspontdeldiable\/wp-json\/wp\/v2\/comments?post=2216"}],"version-history":[{"count":1,"href":"https:\/\/agora.xtec.cat\/inspontdeldiable\/wp-json\/wp\/v2\/posts\/2216\/revisions"}],"predecessor-version":[{"id":2222,"href":"https:\/\/agora.xtec.cat\/inspontdeldiable\/wp-json\/wp\/v2\/posts\/2216\/revisions\/2222"}],"wp:featuredmedia":[{"embeddable":true,"href":"https:\/\/agora.xtec.cat\/inspontdeldiable\/wp-json\/wp\/v2\/media\/2218"}],"wp:attachment":[{"href":"https:\/\/agora.xtec.cat\/inspontdeldiable\/wp-json\/wp\/v2\/media?parent=2216"}],"wp:term":[{"taxonomy":"category","embeddable":true,"href":"https:\/\/agora.xtec.cat\/inspontdeldiable\/wp-json\/wp\/v2\/categories?post=2216"},{"taxonomy":"post_tag","embeddable":true,"href":"https:\/\/agora.xtec.cat\/inspontdeldiable\/wp-json\/wp\/v2\/tags?post=2216"}],"curies":[{"name":"wp","href":"https:\/\/api.w.org\/{rel}","templated":true}]}}