{"id":2180,"date":"2023-02-27T11:19:18","date_gmt":"2023-02-27T10:19:18","guid":{"rendered":"https:\/\/agora.xtec.cat\/inspontdeldiable\/?p=2180"},"modified":"2023-02-27T11:19:57","modified_gmt":"2023-02-27T10:19:57","slug":"collage-visita-museu-dart-modern-2n-eso","status":"publish","type":"post","link":"https:\/\/agora.xtec.cat\/inspontdeldiable\/general\/collage-visita-museu-dart-modern-2n-eso\/","title":{"rendered":"COLLAGE VISITA MUSEU D&#8217;ART MODERN 2n ESO"},"content":{"rendered":"<p>Els alumnes de 2n de l&#8217;ESO han visitat el Museu d&#8217;Art Modern de Tarragona on han treballat la t\u00e8cnica del collage basat en els &#8220;Cad\u00e0vers exquisits&#8221;, una forma d&#8217;expressi\u00f3 pl\u00e0stica emprada pels surrealistes a principis del s. XX. Els resultats han estat molt creatius!<\/p>\n<p>Si vols veure les imatges clica en el seg\u00fcent <a href=\"https:\/\/photos.app.goo.gl\/15fqFgTF1TZqo3UQ7\">enlla\u00e7<\/a><\/p>\n","protected":false},"excerpt":{"rendered":"<p>Els alumnes de 2n de l&#8217;ESO han visitat el Museu d&#8217;Art Modern de Tarragona on han treballat la t\u00e8cnica del collage basat en els &#8220;Cad\u00e0vers exquisits&#8221;, una forma d&#8217;expressi\u00f3 pl\u00e0stica emprada pels surrealistes a principis del s. XX. Els resultats han estat molt creatius!<br \/>\nSi vols&hellip;  <a href=\"https:\/\/agora.xtec.cat\/inspontdeldiable\/general\/collage-visita-museu-dart-modern-2n-eso\/\" title=\"Read COLLAGE VISITA MUSEU D&#8217;ART MODERN 2n ESO\">Llegeix m\u00e9s\u00bb<\/a><\/p>\n","protected":false},"author":1,"featured_media":2182,"comment_status":"open","ping_status":"closed","sticky":false,"template":"","format":"standard","meta":{"_bbp_topic_count":0,"_bbp_reply_count":0,"_bbp_total_topic_count":0,"_bbp_total_reply_count":0,"_bbp_voice_count":0,"_bbp_anonymous_reply_count":0,"_bbp_topic_count_hidden":0,"_bbp_reply_count_hidden":0,"_bbp_forum_subforum_count":0,"footnotes":""},"categories":[5,1,29],"tags":[123,174,39,153,171],"class_list":["post-2180","post","type-post","status-publish","format-standard","has-post-thumbnail","hentry","category-eso-2","category-general","category-portada","tag-2-eso","tag-museu","tag-sortides","tag-taller","tag-visual-i-plastica"],"post_mailing_queue_ids":[],"_links":{"self":[{"href":"https:\/\/agora.xtec.cat\/inspontdeldiable\/wp-json\/wp\/v2\/posts\/2180","targetHints":{"allow":["GET"]}}],"collection":[{"href":"https:\/\/agora.xtec.cat\/inspontdeldiable\/wp-json\/wp\/v2\/posts"}],"about":[{"href":"https:\/\/agora.xtec.cat\/inspontdeldiable\/wp-json\/wp\/v2\/types\/post"}],"author":[{"embeddable":true,"href":"https:\/\/agora.xtec.cat\/inspontdeldiable\/wp-json\/wp\/v2\/users\/1"}],"replies":[{"embeddable":true,"href":"https:\/\/agora.xtec.cat\/inspontdeldiable\/wp-json\/wp\/v2\/comments?post=2180"}],"version-history":[{"count":1,"href":"https:\/\/agora.xtec.cat\/inspontdeldiable\/wp-json\/wp\/v2\/posts\/2180\/revisions"}],"predecessor-version":[{"id":2181,"href":"https:\/\/agora.xtec.cat\/inspontdeldiable\/wp-json\/wp\/v2\/posts\/2180\/revisions\/2181"}],"wp:featuredmedia":[{"embeddable":true,"href":"https:\/\/agora.xtec.cat\/inspontdeldiable\/wp-json\/wp\/v2\/media\/2182"}],"wp:attachment":[{"href":"https:\/\/agora.xtec.cat\/inspontdeldiable\/wp-json\/wp\/v2\/media?parent=2180"}],"wp:term":[{"taxonomy":"category","embeddable":true,"href":"https:\/\/agora.xtec.cat\/inspontdeldiable\/wp-json\/wp\/v2\/categories?post=2180"},{"taxonomy":"post_tag","embeddable":true,"href":"https:\/\/agora.xtec.cat\/inspontdeldiable\/wp-json\/wp\/v2\/tags?post=2180"}],"curies":[{"name":"wp","href":"https:\/\/api.w.org\/{rel}","templated":true}]}}