{"id":2171,"date":"2023-02-21T11:10:32","date_gmt":"2023-02-21T10:10:32","guid":{"rendered":"https:\/\/agora.xtec.cat\/inspontdeldiable\/?p=2171"},"modified":"2023-02-21T11:10:32","modified_gmt":"2023-02-21T10:10:32","slug":"xerrada-col%c2%b7loqui-amb-dory-sontheimer","status":"publish","type":"post","link":"https:\/\/agora.xtec.cat\/inspontdeldiable\/general\/xerrada-col%c2%b7loqui-amb-dory-sontheimer\/","title":{"rendered":"XERRADA-COL\u00b7LOQUI AMB DORY SONTHEIMER"},"content":{"rendered":"<p>Aquest passat dijous dia 16, l&#8217;alumnat de ci\u00e8ncies socials de 4t A i B d&#8217;ESO van poder gaudir de la xerrada que ens va oferir la Dory Sontheimer. Va ser molt emocionant con\u00e8ixer-la i poder descobrir, a trav\u00e9s de la seva hist\u00f2ria familiar, els esdeveniments m\u00e9s importants de la Segona Guerra Mundial. A m\u00e9s a m\u00e9s, l&#8217;alumnat va poder preguntar sobre les 7 caixes que la protagonista va trobar a l&#8217;armari de casa la seva mare. Gr\u00e0cies a aquestes 7 caixes, la Dory va poder reconstruir la hist\u00f2ria de la seva fam\u00edlia.<\/p>\n","protected":false},"excerpt":{"rendered":"<p>Aquest passat dijous dia 16, l&#8217;alumnat de ci\u00e8ncies socials de 4t A i B d&#8217;ESO van poder gaudir de la xerrada que ens va oferir la Dory Sontheimer. Va ser molt emocionant con\u00e8ixer-la i poder descobrir, a trav\u00e9s de la seva hist\u00f2ria familiar, els esdeveniments&hellip;  <a href=\"https:\/\/agora.xtec.cat\/inspontdeldiable\/general\/xerrada-col%c2%b7loqui-amb-dory-sontheimer\/\" title=\"Read XERRADA-COL\u00b7LOQUI AMB DORY SONTHEIMER\">Llegeix m\u00e9s\u00bb<\/a><\/p>\n","protected":false},"author":1,"featured_media":2172,"comment_status":"open","ping_status":"closed","sticky":false,"template":"","format":"standard","meta":{"_bbp_topic_count":0,"_bbp_reply_count":0,"_bbp_total_topic_count":0,"_bbp_total_reply_count":0,"_bbp_voice_count":0,"_bbp_anonymous_reply_count":0,"_bbp_topic_count_hidden":0,"_bbp_reply_count_hidden":0,"_bbp_forum_subforum_count":0,"footnotes":""},"categories":[7,1,29],"tags":[133,127,155],"class_list":["post-2171","post","type-post","status-publish","format-standard","has-post-thumbnail","hentry","category-eso-4","category-general","category-portada","tag-4-eso","tag-socials","tag-xerrada"],"post_mailing_queue_ids":[],"_links":{"self":[{"href":"https:\/\/agora.xtec.cat\/inspontdeldiable\/wp-json\/wp\/v2\/posts\/2171","targetHints":{"allow":["GET"]}}],"collection":[{"href":"https:\/\/agora.xtec.cat\/inspontdeldiable\/wp-json\/wp\/v2\/posts"}],"about":[{"href":"https:\/\/agora.xtec.cat\/inspontdeldiable\/wp-json\/wp\/v2\/types\/post"}],"author":[{"embeddable":true,"href":"https:\/\/agora.xtec.cat\/inspontdeldiable\/wp-json\/wp\/v2\/users\/1"}],"replies":[{"embeddable":true,"href":"https:\/\/agora.xtec.cat\/inspontdeldiable\/wp-json\/wp\/v2\/comments?post=2171"}],"version-history":[{"count":1,"href":"https:\/\/agora.xtec.cat\/inspontdeldiable\/wp-json\/wp\/v2\/posts\/2171\/revisions"}],"predecessor-version":[{"id":2173,"href":"https:\/\/agora.xtec.cat\/inspontdeldiable\/wp-json\/wp\/v2\/posts\/2171\/revisions\/2173"}],"wp:featuredmedia":[{"embeddable":true,"href":"https:\/\/agora.xtec.cat\/inspontdeldiable\/wp-json\/wp\/v2\/media\/2172"}],"wp:attachment":[{"href":"https:\/\/agora.xtec.cat\/inspontdeldiable\/wp-json\/wp\/v2\/media?parent=2171"}],"wp:term":[{"taxonomy":"category","embeddable":true,"href":"https:\/\/agora.xtec.cat\/inspontdeldiable\/wp-json\/wp\/v2\/categories?post=2171"},{"taxonomy":"post_tag","embeddable":true,"href":"https:\/\/agora.xtec.cat\/inspontdeldiable\/wp-json\/wp\/v2\/tags?post=2171"}],"curies":[{"name":"wp","href":"https:\/\/api.w.org\/{rel}","templated":true}]}}