{"id":2158,"date":"2023-02-13T10:21:11","date_gmt":"2023-02-13T09:21:11","guid":{"rendered":"https:\/\/agora.xtec.cat\/inspontdeldiable\/?p=2158"},"modified":"2023-02-13T10:21:11","modified_gmt":"2023-02-13T09:21:11","slug":"projecte-sambori-mural","status":"publish","type":"post","link":"https:\/\/agora.xtec.cat\/inspontdeldiable\/general\/projecte-sambori-mural\/","title":{"rendered":"PROJECTE SAMBORI &#8211; MURAL"},"content":{"rendered":"<p class=\"gmail_default\">Aquest curs, l&#8217;alumnat de 4t d&#8217;ESO ens hem presentat al projecte Sambori, d&#8217;\u00d2mnium Cultural. La nostra proposta art\u00edstica \u00e9s una creaci\u00f3 col\u00b7lectiva que hem dut a terme gr\u00e0cies a l&#8217;ajuda i col\u00b7laboraci\u00f3 de l&#8217;Associaci\u00f3 Cultural L&#8217;Eixida i l&#8217;artista Oriol Segon. El nostre projecte \u00e9s un mural que mostra el nostre sentiment de pertinen\u00e7a amb l&#8217;entorn m\u00e9s proper, en el qual ens sentim identificats i representats. La nostra obra mostra les arrels, la fam\u00edlia, la solidaritat, la gent, la diversitat&#8230; \u00e9s a dir el nostre barri, Sant Salvador!<\/p>\n<p class=\"gmail_default\">Cal dir que ha estat una oportunitat per a expressar la nostra veu, treballar i aprendre d&#8217;una manera diferent, tamb\u00e9 per posar a prova la nostra creativitat i sobretot, per a passar-nos-ho b\u00e9!<\/p>\n<p class=\"gmail_default\">Us convidem a tothom a qu\u00e8 passeu per la zona de jocs del pati a pegar-hi un cop d&#8217;ull. Esperem que el gaudiu i el cuideu!<\/p>\n<p><img loading=\"lazy\" decoding=\"async\" class=\"alignnone size-full wp-image-2161\" src=\"https:\/\/agora.xtec.cat\/inspontdeldiable\/wp-content\/uploads\/usu2039\/2023\/02\/Sambori2.jpg\" alt=\"\" width=\"993\" height=\"731\" srcset=\"https:\/\/agora.xtec.cat\/inspontdeldiable\/wp-content\/uploads\/usu2039\/2023\/02\/Sambori2.jpg 993w, https:\/\/agora.xtec.cat\/inspontdeldiable\/wp-content\/uploads\/usu2039\/2023\/02\/Sambori2-300x221.jpg 300w, https:\/\/agora.xtec.cat\/inspontdeldiable\/wp-content\/uploads\/usu2039\/2023\/02\/Sambori2-768x565.jpg 768w\" sizes=\"auto, (max-width: 993px) 100vw, 993px\" \/><\/p>\n","protected":false},"excerpt":{"rendered":"<p>Aquest curs, l&#8217;alumnat de 4t d&#8217;ESO ens hem presentat al projecte Sambori, d&#8217;\u00d2mnium Cultural. La nostra proposta art\u00edstica \u00e9s una creaci\u00f3 col\u00b7lectiva que hem dut a terme gr\u00e0cies a l&#8217;ajuda i col\u00b7laboraci\u00f3 de l&#8217;Associaci\u00f3 Cultural L&#8217;Eixida i l&#8217;artista Oriol Segon. El nostre projecte \u00e9s un&hellip;  <a href=\"https:\/\/agora.xtec.cat\/inspontdeldiable\/general\/projecte-sambori-mural\/\" title=\"Read PROJECTE SAMBORI &#8211; MURAL\">Llegeix m\u00e9s\u00bb<\/a><\/p>\n","protected":false},"author":1,"featured_media":2160,"comment_status":"open","ping_status":"closed","sticky":false,"template":"","format":"standard","meta":{"_bbp_topic_count":0,"_bbp_reply_count":0,"_bbp_total_topic_count":0,"_bbp_total_reply_count":0,"_bbp_voice_count":0,"_bbp_anonymous_reply_count":0,"_bbp_topic_count_hidden":0,"_bbp_reply_count_hidden":0,"_bbp_forum_subforum_count":0,"footnotes":""},"categories":[7,1,29],"tags":[133,165,173,127],"class_list":["post-2158","post","type-post","status-publish","format-standard","has-post-thumbnail","hentry","category-eso-4","category-general","category-portada","tag-4-eso","tag-projecte","tag-sambori","tag-socials"],"post_mailing_queue_ids":[],"_links":{"self":[{"href":"https:\/\/agora.xtec.cat\/inspontdeldiable\/wp-json\/wp\/v2\/posts\/2158","targetHints":{"allow":["GET"]}}],"collection":[{"href":"https:\/\/agora.xtec.cat\/inspontdeldiable\/wp-json\/wp\/v2\/posts"}],"about":[{"href":"https:\/\/agora.xtec.cat\/inspontdeldiable\/wp-json\/wp\/v2\/types\/post"}],"author":[{"embeddable":true,"href":"https:\/\/agora.xtec.cat\/inspontdeldiable\/wp-json\/wp\/v2\/users\/1"}],"replies":[{"embeddable":true,"href":"https:\/\/agora.xtec.cat\/inspontdeldiable\/wp-json\/wp\/v2\/comments?post=2158"}],"version-history":[{"count":1,"href":"https:\/\/agora.xtec.cat\/inspontdeldiable\/wp-json\/wp\/v2\/posts\/2158\/revisions"}],"predecessor-version":[{"id":2162,"href":"https:\/\/agora.xtec.cat\/inspontdeldiable\/wp-json\/wp\/v2\/posts\/2158\/revisions\/2162"}],"wp:featuredmedia":[{"embeddable":true,"href":"https:\/\/agora.xtec.cat\/inspontdeldiable\/wp-json\/wp\/v2\/media\/2160"}],"wp:attachment":[{"href":"https:\/\/agora.xtec.cat\/inspontdeldiable\/wp-json\/wp\/v2\/media?parent=2158"}],"wp:term":[{"taxonomy":"category","embeddable":true,"href":"https:\/\/agora.xtec.cat\/inspontdeldiable\/wp-json\/wp\/v2\/categories?post=2158"},{"taxonomy":"post_tag","embeddable":true,"href":"https:\/\/agora.xtec.cat\/inspontdeldiable\/wp-json\/wp\/v2\/tags?post=2158"}],"curies":[{"name":"wp","href":"https:\/\/api.w.org\/{rel}","templated":true}]}}