{"id":2148,"date":"2023-02-02T10:00:26","date_gmt":"2023-02-02T09:00:26","guid":{"rendered":"https:\/\/agora.xtec.cat\/inspontdeldiable\/?p=2148"},"modified":"2023-02-02T10:00:26","modified_gmt":"2023-02-02T09:00:26","slug":"dia-internacional-en-memoria-de-les-victimes-de-lholocaust","status":"publish","type":"post","link":"https:\/\/agora.xtec.cat\/inspontdeldiable\/general\/dia-internacional-en-memoria-de-les-victimes-de-lholocaust\/","title":{"rendered":"DIA INTERNACIONAL EN MEM\u00d2RIA DE LES V\u00cdCTIMES DE L&#8217;HOLOCAUST"},"content":{"rendered":"<p class=\"gmail_default\">Aquest passat divendres 27 de gener tot l&#8217;alumnat de l&#8217;ESO va commemorar, a trav\u00e9s d&#8217;unes jornades sobre la mem\u00f2ria hist\u00f2rica, el Dia Internacional en Mem\u00f2ria de les V\u00edctimes de L&#8217;Holocaust. La data coincideix amb l&#8217;alliberament del camp d&#8217;extermini d&#8217;Auschwitz-Birkenau el 27 de gener del 1945.<\/p>\n<p class=\"gmail_default\">Entre altres activitats, cal destacar la xerrada-col\u00b7loqui oferida pel polit\u00f2leg Jordi Perales sobre el genocidi del poble gitano i com la just\u00edcia democr\u00e0tica va obviar aquesta trag\u00e8dia que van patir centenars de milers de persones.<\/p>\n<p><img loading=\"lazy\" decoding=\"async\" class=\"alignnone size-full wp-image-2150\" src=\"https:\/\/agora.xtec.cat\/inspontdeldiable\/wp-content\/uploads\/usu2039\/2023\/02\/PHOTO-2023-01-27-16-11-55.jpg\" alt=\"\" width=\"512\" height=\"384\" srcset=\"https:\/\/agora.xtec.cat\/inspontdeldiable\/wp-content\/uploads\/usu2039\/2023\/02\/PHOTO-2023-01-27-16-11-55.jpg 512w, https:\/\/agora.xtec.cat\/inspontdeldiable\/wp-content\/uploads\/usu2039\/2023\/02\/PHOTO-2023-01-27-16-11-55-300x225.jpg 300w, https:\/\/agora.xtec.cat\/inspontdeldiable\/wp-content\/uploads\/usu2039\/2023\/02\/PHOTO-2023-01-27-16-11-55-200x150.jpg 200w\" sizes=\"auto, (max-width: 512px) 100vw, 512px\" \/><\/p>\n<p><img loading=\"lazy\" decoding=\"async\" class=\"alignnone size-full wp-image-2151\" src=\"https:\/\/agora.xtec.cat\/inspontdeldiable\/wp-content\/uploads\/usu2039\/2023\/02\/PHOTO-2023-01-27-16-11-56.jpg\" alt=\"\" width=\"504\" height=\"378\" srcset=\"https:\/\/agora.xtec.cat\/inspontdeldiable\/wp-content\/uploads\/usu2039\/2023\/02\/PHOTO-2023-01-27-16-11-56.jpg 504w, https:\/\/agora.xtec.cat\/inspontdeldiable\/wp-content\/uploads\/usu2039\/2023\/02\/PHOTO-2023-01-27-16-11-56-300x225.jpg 300w, https:\/\/agora.xtec.cat\/inspontdeldiable\/wp-content\/uploads\/usu2039\/2023\/02\/PHOTO-2023-01-27-16-11-56-200x150.jpg 200w\" sizes=\"auto, (max-width: 504px) 100vw, 504px\" \/><\/p>\n<p>&nbsp;<\/p>\n","protected":false},"excerpt":{"rendered":"<p>Aquest passat divendres 27 de gener tot l&#8217;alumnat de l&#8217;ESO va commemorar, a trav\u00e9s d&#8217;unes jornades sobre la mem\u00f2ria hist\u00f2rica, el Dia Internacional en Mem\u00f2ria de les V\u00edctimes de L&#8217;Holocaust. La data coincideix amb l&#8217;alliberament del camp d&#8217;extermini d&#8217;Auschwitz-Birkenau el 27 de gener del 1945.<br \/>\nEntre&hellip;  <a href=\"https:\/\/agora.xtec.cat\/inspontdeldiable\/general\/dia-internacional-en-memoria-de-les-victimes-de-lholocaust\/\" title=\"Read DIA INTERNACIONAL EN MEM\u00d2RIA DE LES V\u00cdCTIMES DE L&#8217;HOLOCAUST\">Llegeix m\u00e9s\u00bb<\/a><\/p>\n","protected":false},"author":1,"featured_media":2149,"comment_status":"open","ping_status":"closed","sticky":false,"template":"","format":"standard","meta":{"_bbp_topic_count":0,"_bbp_reply_count":0,"_bbp_total_topic_count":0,"_bbp_total_reply_count":0,"_bbp_voice_count":0,"_bbp_anonymous_reply_count":0,"_bbp_topic_count_hidden":0,"_bbp_reply_count_hidden":0,"_bbp_forum_subforum_count":0,"footnotes":""},"categories":[3,1,29],"tags":[114,165,127,155],"class_list":["post-2148","post","type-post","status-publish","format-standard","has-post-thumbnail","hentry","category-eso","category-general","category-portada","tag-eso","tag-projecte","tag-socials","tag-xerrada"],"post_mailing_queue_ids":[],"_links":{"self":[{"href":"https:\/\/agora.xtec.cat\/inspontdeldiable\/wp-json\/wp\/v2\/posts\/2148","targetHints":{"allow":["GET"]}}],"collection":[{"href":"https:\/\/agora.xtec.cat\/inspontdeldiable\/wp-json\/wp\/v2\/posts"}],"about":[{"href":"https:\/\/agora.xtec.cat\/inspontdeldiable\/wp-json\/wp\/v2\/types\/post"}],"author":[{"embeddable":true,"href":"https:\/\/agora.xtec.cat\/inspontdeldiable\/wp-json\/wp\/v2\/users\/1"}],"replies":[{"embeddable":true,"href":"https:\/\/agora.xtec.cat\/inspontdeldiable\/wp-json\/wp\/v2\/comments?post=2148"}],"version-history":[{"count":1,"href":"https:\/\/agora.xtec.cat\/inspontdeldiable\/wp-json\/wp\/v2\/posts\/2148\/revisions"}],"predecessor-version":[{"id":2152,"href":"https:\/\/agora.xtec.cat\/inspontdeldiable\/wp-json\/wp\/v2\/posts\/2148\/revisions\/2152"}],"wp:featuredmedia":[{"embeddable":true,"href":"https:\/\/agora.xtec.cat\/inspontdeldiable\/wp-json\/wp\/v2\/media\/2149"}],"wp:attachment":[{"href":"https:\/\/agora.xtec.cat\/inspontdeldiable\/wp-json\/wp\/v2\/media?parent=2148"}],"wp:term":[{"taxonomy":"category","embeddable":true,"href":"https:\/\/agora.xtec.cat\/inspontdeldiable\/wp-json\/wp\/v2\/categories?post=2148"},{"taxonomy":"post_tag","embeddable":true,"href":"https:\/\/agora.xtec.cat\/inspontdeldiable\/wp-json\/wp\/v2\/tags?post=2148"}],"curies":[{"name":"wp","href":"https:\/\/api.w.org\/{rel}","templated":true}]}}