{"id":2143,"date":"2023-02-02T09:55:59","date_gmt":"2023-02-02T08:55:59","guid":{"rendered":"https:\/\/agora.xtec.cat\/inspontdeldiable\/?p=2143"},"modified":"2023-02-02T09:55:59","modified_gmt":"2023-02-02T08:55:59","slug":"projecte-de-la-prehistoria","status":"publish","type":"post","link":"https:\/\/agora.xtec.cat\/inspontdeldiable\/general\/projecte-de-la-prehistoria\/","title":{"rendered":"PROJECTE DE LA PREHIST\u00d2RIA"},"content":{"rendered":"<p>Els alumnes de 1r d&#8217;ESO han dut a terme una activitat de recreaci\u00f3 d&#8217;eines i objectes de la prehist\u00f2ria en un projecte conjunt entre les mat\u00e8ries de Ci\u00e8ncies Socials i Educaci\u00f3 Visual i Pl\u00e0stica. L&#8217;exposici\u00f3 es pot visitar a la biblioteca.<\/p>\n<p><img loading=\"lazy\" decoding=\"async\" class=\"alignnone  wp-image-2144\" src=\"https:\/\/agora.xtec.cat\/inspontdeldiable\/wp-content\/uploads\/usu2039\/2023\/02\/1r_A.jpg\" alt=\"\" width=\"775\" height=\"582\" srcset=\"https:\/\/agora.xtec.cat\/inspontdeldiable\/wp-content\/uploads\/usu2039\/2023\/02\/1r_A.jpg 1008w, https:\/\/agora.xtec.cat\/inspontdeldiable\/wp-content\/uploads\/usu2039\/2023\/02\/1r_A-300x225.jpg 300w, https:\/\/agora.xtec.cat\/inspontdeldiable\/wp-content\/uploads\/usu2039\/2023\/02\/1r_A-768x576.jpg 768w, https:\/\/agora.xtec.cat\/inspontdeldiable\/wp-content\/uploads\/usu2039\/2023\/02\/1r_A-200x150.jpg 200w\" sizes=\"auto, (max-width: 775px) 100vw, 775px\" \/><\/p>\n<p><img loading=\"lazy\" decoding=\"async\" class=\"alignnone  wp-image-2145\" src=\"https:\/\/agora.xtec.cat\/inspontdeldiable\/wp-content\/uploads\/usu2039\/2023\/02\/1r_B.jpg\" alt=\"\" width=\"774\" height=\"580\" srcset=\"https:\/\/agora.xtec.cat\/inspontdeldiable\/wp-content\/uploads\/usu2039\/2023\/02\/1r_B.jpg 807w, https:\/\/agora.xtec.cat\/inspontdeldiable\/wp-content\/uploads\/usu2039\/2023\/02\/1r_B-300x225.jpg 300w, https:\/\/agora.xtec.cat\/inspontdeldiable\/wp-content\/uploads\/usu2039\/2023\/02\/1r_B-768x576.jpg 768w, https:\/\/agora.xtec.cat\/inspontdeldiable\/wp-content\/uploads\/usu2039\/2023\/02\/1r_B-200x150.jpg 200w\" sizes=\"auto, (max-width: 774px) 100vw, 774px\" \/><\/p>\n<p><img loading=\"lazy\" decoding=\"async\" class=\"alignnone  wp-image-2146\" src=\"https:\/\/agora.xtec.cat\/inspontdeldiable\/wp-content\/uploads\/usu2039\/2023\/02\/1r_C.jpg\" alt=\"\" width=\"773\" height=\"579\" srcset=\"https:\/\/agora.xtec.cat\/inspontdeldiable\/wp-content\/uploads\/usu2039\/2023\/02\/1r_C.jpg 807w, https:\/\/agora.xtec.cat\/inspontdeldiable\/wp-content\/uploads\/usu2039\/2023\/02\/1r_C-300x225.jpg 300w, https:\/\/agora.xtec.cat\/inspontdeldiable\/wp-content\/uploads\/usu2039\/2023\/02\/1r_C-768x576.jpg 768w, https:\/\/agora.xtec.cat\/inspontdeldiable\/wp-content\/uploads\/usu2039\/2023\/02\/1r_C-200x150.jpg 200w\" sizes=\"auto, (max-width: 773px) 100vw, 773px\" \/><\/p>\n","protected":false},"excerpt":{"rendered":"<p>Els alumnes de 1r d&#8217;ESO han dut a terme una activitat de recreaci\u00f3 d&#8217;eines i objectes de la prehist\u00f2ria en un projecte conjunt entre les mat\u00e8ries de Ci\u00e8ncies Socials i Educaci\u00f3 Visual i Pl\u00e0stica. L&#8217;exposici\u00f3 es pot visitar a la biblioteca.<\/p>\n","protected":false},"author":1,"featured_media":2146,"comment_status":"open","ping_status":"closed","sticky":false,"template":"","format":"standard","meta":{"_bbp_topic_count":0,"_bbp_reply_count":0,"_bbp_total_topic_count":0,"_bbp_total_reply_count":0,"_bbp_voice_count":0,"_bbp_anonymous_reply_count":0,"_bbp_topic_count_hidden":0,"_bbp_reply_count_hidden":0,"_bbp_forum_subforum_count":0,"footnotes":""},"categories":[3,4,1,29],"tags":[136,164,165,127,171],"class_list":["post-2143","post","type-post","status-publish","format-standard","has-post-thumbnail","hentry","category-eso","category-eso-1","category-general","category-portada","tag-1-eso","tag-exposicio","tag-projecte","tag-socials","tag-visual-i-plastica"],"post_mailing_queue_ids":[],"_links":{"self":[{"href":"https:\/\/agora.xtec.cat\/inspontdeldiable\/wp-json\/wp\/v2\/posts\/2143","targetHints":{"allow":["GET"]}}],"collection":[{"href":"https:\/\/agora.xtec.cat\/inspontdeldiable\/wp-json\/wp\/v2\/posts"}],"about":[{"href":"https:\/\/agora.xtec.cat\/inspontdeldiable\/wp-json\/wp\/v2\/types\/post"}],"author":[{"embeddable":true,"href":"https:\/\/agora.xtec.cat\/inspontdeldiable\/wp-json\/wp\/v2\/users\/1"}],"replies":[{"embeddable":true,"href":"https:\/\/agora.xtec.cat\/inspontdeldiable\/wp-json\/wp\/v2\/comments?post=2143"}],"version-history":[{"count":1,"href":"https:\/\/agora.xtec.cat\/inspontdeldiable\/wp-json\/wp\/v2\/posts\/2143\/revisions"}],"predecessor-version":[{"id":2147,"href":"https:\/\/agora.xtec.cat\/inspontdeldiable\/wp-json\/wp\/v2\/posts\/2143\/revisions\/2147"}],"wp:featuredmedia":[{"embeddable":true,"href":"https:\/\/agora.xtec.cat\/inspontdeldiable\/wp-json\/wp\/v2\/media\/2146"}],"wp:attachment":[{"href":"https:\/\/agora.xtec.cat\/inspontdeldiable\/wp-json\/wp\/v2\/media?parent=2143"}],"wp:term":[{"taxonomy":"category","embeddable":true,"href":"https:\/\/agora.xtec.cat\/inspontdeldiable\/wp-json\/wp\/v2\/categories?post=2143"},{"taxonomy":"post_tag","embeddable":true,"href":"https:\/\/agora.xtec.cat\/inspontdeldiable\/wp-json\/wp\/v2\/tags?post=2143"}],"curies":[{"name":"wp","href":"https:\/\/api.w.org\/{rel}","templated":true}]}}