{"id":2120,"date":"2022-12-12T09:30:22","date_gmt":"2022-12-12T08:30:22","guid":{"rendered":"https:\/\/agora.xtec.cat\/inspontdeldiable\/?p=2120"},"modified":"2022-12-15T11:41:55","modified_gmt":"2022-12-15T10:41:55","slug":"comenca-el-servei-comunitari-22-23","status":"publish","type":"post","link":"https:\/\/agora.xtec.cat\/inspontdeldiable\/general\/comenca-el-servei-comunitari-22-23\/","title":{"rendered":"COMEN\u00c7A EL SERVEI COMUNITARI 22-23"},"content":{"rendered":"<p class=\"gmail_default\">Aquest curs, el nostre\u00a0<b>alumnat de 4t d&#8217;ESO<\/b>\u00a0torna a fer voluntariat amb\u00a0<b>C\u00e0ritas\u00a0<\/b>en el marc del\u00a0<b>Servei Comunitari<\/b>. Aquest servei, \u00e9s una acci\u00f3 educativa que s&#8217;orienta a desenvolupar la compet\u00e8ncia social i ciutadana per mitj\u00e0 de la metodologia de l&#8217;aprenentatge-servei. Un dels objectius fonamentals que es persegueix \u00e9s donar a con\u00e8ixer les problem\u00e0tiques socials i la\u00a0<b>xarxa de v<\/b><span style=\"font-family: tahoma, sans-serif;\"><b>oluntariat del barri<\/b>, per tal de promoure la participaci\u00f3\u00a0i fomentar el comprom\u00eds amb la construcci\u00f3 d&#8217;una societat\u00a0m\u00e9s igualit\u00e0ria.\u00a0<\/span><\/p>\n<p class=\"gmail_default\"><span style=\"color: #000000;\"><span style=\"font-family: tahoma, sans-serif;\">Com a centre, pensem que \u00e9s important formar una ciutadania qualificada i reflexiva, capa\u00e7\u00a0d\u2019analitzar l\u2019entorn en el que viu i de comprometre\u2019s en la seva millora. El Servei Comunitari destaca per posar \u00e8mfasi en aquelles compet\u00e8ncies que recullen tots aquests valors i les habilitats c\u00edviques necess\u00e0ries per a desenvolupar-los.<\/span><\/span><\/p>\n<p class=\"gmail_default\"><span style=\"color: #000000;\"><span style=\"font-family: tahoma, sans-serif;\">Per acabar, podreu trobar el nostre alumnat\u00a0<b>cada dimecres<\/b>, a\u00a0<b>l&#8217;Esclat, Clarel i Dia de 16h a 18h<\/b>. A peu de comer\u00e7, us explicaran que fan una recollida de\u00a0<b>productes per a la llar i d&#8217;higiene personal<\/b>. De moment, els grups que han comen\u00e7at han recollit molts productes gr\u00e0cies a les persones del barri; desitgem que el ritme no pari!<\/span><\/span><\/p>\n<p>Clica en aquest <a href=\"https:\/\/photos.app.goo.gl\/bjbx2YEseFBwfcFEA\">enlla\u00e7<\/a> per veure les imatges.<\/p>\n","protected":false},"excerpt":{"rendered":"<p>Aquest curs, el nostre\u00a0alumnat de 4t d&#8217;ESO\u00a0torna a fer voluntariat amb\u00a0C\u00e0ritas\u00a0en el marc del\u00a0Servei Comunitari. Aquest servei, \u00e9s una acci\u00f3 educativa que s&#8217;orienta a desenvolupar la compet\u00e8ncia social i ciutadana per mitj\u00e0 de la metodologia de l&#8217;aprenentatge-servei. Un dels objectius fonamentals que es persegueix \u00e9s&hellip;  <a href=\"https:\/\/agora.xtec.cat\/inspontdeldiable\/general\/comenca-el-servei-comunitari-22-23\/\" title=\"Read COMEN\u00c7A EL SERVEI COMUNITARI 22-23\">Llegeix m\u00e9s\u00bb<\/a><\/p>\n","protected":false},"author":1,"featured_media":2124,"comment_status":"open","ping_status":"closed","sticky":false,"template":"","format":"standard","meta":{"_bbp_topic_count":0,"_bbp_reply_count":0,"_bbp_total_topic_count":0,"_bbp_total_reply_count":0,"_bbp_voice_count":0,"_bbp_anonymous_reply_count":0,"_bbp_topic_count_hidden":0,"_bbp_reply_count_hidden":0,"_bbp_forum_subforum_count":0,"footnotes":""},"categories":[7,1,29],"tags":[133,134],"class_list":["post-2120","post","type-post","status-publish","format-standard","has-post-thumbnail","hentry","category-eso-4","category-general","category-portada","tag-4-eso","tag-servei-comunitari"],"post_mailing_queue_ids":[],"_links":{"self":[{"href":"https:\/\/agora.xtec.cat\/inspontdeldiable\/wp-json\/wp\/v2\/posts\/2120","targetHints":{"allow":["GET"]}}],"collection":[{"href":"https:\/\/agora.xtec.cat\/inspontdeldiable\/wp-json\/wp\/v2\/posts"}],"about":[{"href":"https:\/\/agora.xtec.cat\/inspontdeldiable\/wp-json\/wp\/v2\/types\/post"}],"author":[{"embeddable":true,"href":"https:\/\/agora.xtec.cat\/inspontdeldiable\/wp-json\/wp\/v2\/users\/1"}],"replies":[{"embeddable":true,"href":"https:\/\/agora.xtec.cat\/inspontdeldiable\/wp-json\/wp\/v2\/comments?post=2120"}],"version-history":[{"count":3,"href":"https:\/\/agora.xtec.cat\/inspontdeldiable\/wp-json\/wp\/v2\/posts\/2120\/revisions"}],"predecessor-version":[{"id":2128,"href":"https:\/\/agora.xtec.cat\/inspontdeldiable\/wp-json\/wp\/v2\/posts\/2120\/revisions\/2128"}],"wp:featuredmedia":[{"embeddable":true,"href":"https:\/\/agora.xtec.cat\/inspontdeldiable\/wp-json\/wp\/v2\/media\/2124"}],"wp:attachment":[{"href":"https:\/\/agora.xtec.cat\/inspontdeldiable\/wp-json\/wp\/v2\/media?parent=2120"}],"wp:term":[{"taxonomy":"category","embeddable":true,"href":"https:\/\/agora.xtec.cat\/inspontdeldiable\/wp-json\/wp\/v2\/categories?post=2120"},{"taxonomy":"post_tag","embeddable":true,"href":"https:\/\/agora.xtec.cat\/inspontdeldiable\/wp-json\/wp\/v2\/tags?post=2120"}],"curies":[{"name":"wp","href":"https:\/\/api.w.org\/{rel}","templated":true}]}}