{"id":2116,"date":"2022-12-07T13:18:48","date_gmt":"2022-12-07T12:18:48","guid":{"rendered":"https:\/\/agora.xtec.cat\/inspontdeldiable\/?p=2116"},"modified":"2022-12-07T13:18:48","modified_gmt":"2022-12-07T12:18:48","slug":"decorem-linstitut","status":"publish","type":"post","link":"https:\/\/agora.xtec.cat\/inspontdeldiable\/general\/decorem-linstitut\/","title":{"rendered":"DECOREM L&#8217;INSTITUT"},"content":{"rendered":"<p>L&#8217;alumnat i el professorat de l&#8217;Institut Pont del Diable hem decidit decorar el centre de la manera me\u0301s nadalenca possible. Entre tots\/es hem fet estrelles, boles de neu, arbres &#8230;<\/p>\n<p>Aquesta decoraci\u00f3 ens acompanyar\u00e0 tots aquests dies de classe perqu\u00e8 no perdem mai la il\u00b7lusi\u00f3 d&#8217;aquestes dates.<\/p>\n<p>Si voleu veure les imatges de com ha quedat l&#8217;institut cliqueu sobre la imatge.<\/p>\n<p><a href=\"https:\/\/photos.app.goo.gl\/5RJ5HuTdsrDJyzNT7\"><img loading=\"lazy\" decoding=\"async\" class=\"alignnone size-full wp-image-2118\" src=\"https:\/\/agora.xtec.cat\/inspontdeldiable\/wp-content\/uploads\/usu2039\/2022\/12\/bon-nadal-1.jpg\" alt=\"\" width=\"960\" height=\"433\" srcset=\"https:\/\/agora.xtec.cat\/inspontdeldiable\/wp-content\/uploads\/usu2039\/2022\/12\/bon-nadal-1.jpg 960w, https:\/\/agora.xtec.cat\/inspontdeldiable\/wp-content\/uploads\/usu2039\/2022\/12\/bon-nadal-1-300x135.jpg 300w, https:\/\/agora.xtec.cat\/inspontdeldiable\/wp-content\/uploads\/usu2039\/2022\/12\/bon-nadal-1-768x346.jpg 768w\" sizes=\"auto, (max-width: 960px) 100vw, 960px\" \/><\/a><\/p>\n","protected":false},"excerpt":{"rendered":"<p>L&#8217;alumnat i el professorat de l&#8217;Institut Pont del Diable hem decidit decorar el centre de la manera me\u0301s nadalenca possible. Entre tots\/es hem fet estrelles, boles de neu, arbres &#8230;<br \/>\nAquesta decoraci\u00f3 ens acompanyar\u00e0 tots aquests dies de classe perqu\u00e8 no perdem mai la il\u00b7lusi\u00f3 d&#8217;aquestes&hellip;  <a href=\"https:\/\/agora.xtec.cat\/inspontdeldiable\/general\/decorem-linstitut\/\" title=\"Read DECOREM L&#8217;INSTITUT\">Llegeix m\u00e9s\u00bb<\/a><\/p>\n","protected":false},"author":1,"featured_media":2117,"comment_status":"open","ping_status":"closed","sticky":false,"template":"","format":"standard","meta":{"_bbp_topic_count":0,"_bbp_reply_count":0,"_bbp_total_topic_count":0,"_bbp_total_reply_count":0,"_bbp_voice_count":0,"_bbp_anonymous_reply_count":0,"_bbp_topic_count_hidden":0,"_bbp_reply_count_hidden":0,"_bbp_forum_subforum_count":0,"footnotes":""},"categories":[30,3,1,29],"tags":[115,114,168],"class_list":["post-2116","post","type-post","status-publish","format-standard","has-post-thumbnail","hentry","category-cicles-formatius","category-eso","category-general","category-portada","tag-cicles-formatius","tag-eso","tag-nadal"],"post_mailing_queue_ids":[],"_links":{"self":[{"href":"https:\/\/agora.xtec.cat\/inspontdeldiable\/wp-json\/wp\/v2\/posts\/2116","targetHints":{"allow":["GET"]}}],"collection":[{"href":"https:\/\/agora.xtec.cat\/inspontdeldiable\/wp-json\/wp\/v2\/posts"}],"about":[{"href":"https:\/\/agora.xtec.cat\/inspontdeldiable\/wp-json\/wp\/v2\/types\/post"}],"author":[{"embeddable":true,"href":"https:\/\/agora.xtec.cat\/inspontdeldiable\/wp-json\/wp\/v2\/users\/1"}],"replies":[{"embeddable":true,"href":"https:\/\/agora.xtec.cat\/inspontdeldiable\/wp-json\/wp\/v2\/comments?post=2116"}],"version-history":[{"count":1,"href":"https:\/\/agora.xtec.cat\/inspontdeldiable\/wp-json\/wp\/v2\/posts\/2116\/revisions"}],"predecessor-version":[{"id":2119,"href":"https:\/\/agora.xtec.cat\/inspontdeldiable\/wp-json\/wp\/v2\/posts\/2116\/revisions\/2119"}],"wp:featuredmedia":[{"embeddable":true,"href":"https:\/\/agora.xtec.cat\/inspontdeldiable\/wp-json\/wp\/v2\/media\/2117"}],"wp:attachment":[{"href":"https:\/\/agora.xtec.cat\/inspontdeldiable\/wp-json\/wp\/v2\/media?parent=2116"}],"wp:term":[{"taxonomy":"category","embeddable":true,"href":"https:\/\/agora.xtec.cat\/inspontdeldiable\/wp-json\/wp\/v2\/categories?post=2116"},{"taxonomy":"post_tag","embeddable":true,"href":"https:\/\/agora.xtec.cat\/inspontdeldiable\/wp-json\/wp\/v2\/tags?post=2116"}],"curies":[{"name":"wp","href":"https:\/\/api.w.org\/{rel}","templated":true}]}}