{"id":2106,"date":"2022-11-18T12:27:27","date_gmt":"2022-11-18T11:27:27","guid":{"rendered":"https:\/\/agora.xtec.cat\/inspontdeldiable\/?p=2106"},"modified":"2022-11-18T12:27:27","modified_gmt":"2022-11-18T11:27:27","slug":"projecte-crocus","status":"publish","type":"post","link":"https:\/\/agora.xtec.cat\/inspontdeldiable\/general\/projecte-crocus\/","title":{"rendered":"PROJECTE CROCUS"},"content":{"rendered":"<p>L&#8217;alumnat de 4t ESO A i B ha comen\u00e7at un projecte sobre l&#8217;Holocaust nazi. El primer pas, ha estat fer una plantada de crocus grocs en mem\u00f2ria del mili\u00f3 i mig de nens i nenes jueves que va ser v\u00edctimes del genocidi. Les flors grogues simbolitzen les estrelles grogues de David que el poble jueu es va haver obligat d&#8217;usar sota el domini nazi. Esperem que els crocus floreixin cap all\u00e0 a finals de gener.<\/p>\n<p>Podeu veure les imatges en el seg\u00fcent <a href=\"https:\/\/photos.app.goo.gl\/N5pTa4gQXKvpnEv78\">enlla\u00e7<\/a><\/p>\n","protected":false},"excerpt":{"rendered":"<p>L&#8217;alumnat de 4t ESO A i B ha comen\u00e7at un projecte sobre l&#8217;Holocaust nazi. El primer pas, ha estat fer una plantada de crocus grocs en mem\u00f2ria del mili\u00f3 i mig de nens i nenes jueves que va ser v\u00edctimes del genocidi. Les flors grogues&hellip;  <a href=\"https:\/\/agora.xtec.cat\/inspontdeldiable\/general\/projecte-crocus\/\" title=\"Read PROJECTE CROCUS\">Llegeix m\u00e9s\u00bb<\/a><\/p>\n","protected":false},"author":1,"featured_media":2108,"comment_status":"open","ping_status":"closed","sticky":false,"template":"","format":"standard","meta":{"_bbp_topic_count":0,"_bbp_reply_count":0,"_bbp_total_topic_count":0,"_bbp_total_reply_count":0,"_bbp_voice_count":0,"_bbp_anonymous_reply_count":0,"_bbp_topic_count_hidden":0,"_bbp_reply_count_hidden":0,"_bbp_forum_subforum_count":0,"footnotes":""},"categories":[7,1,29],"tags":[133,165,127],"class_list":["post-2106","post","type-post","status-publish","format-standard","has-post-thumbnail","hentry","category-eso-4","category-general","category-portada","tag-4-eso","tag-projecte","tag-socials"],"post_mailing_queue_ids":[],"_links":{"self":[{"href":"https:\/\/agora.xtec.cat\/inspontdeldiable\/wp-json\/wp\/v2\/posts\/2106","targetHints":{"allow":["GET"]}}],"collection":[{"href":"https:\/\/agora.xtec.cat\/inspontdeldiable\/wp-json\/wp\/v2\/posts"}],"about":[{"href":"https:\/\/agora.xtec.cat\/inspontdeldiable\/wp-json\/wp\/v2\/types\/post"}],"author":[{"embeddable":true,"href":"https:\/\/agora.xtec.cat\/inspontdeldiable\/wp-json\/wp\/v2\/users\/1"}],"replies":[{"embeddable":true,"href":"https:\/\/agora.xtec.cat\/inspontdeldiable\/wp-json\/wp\/v2\/comments?post=2106"}],"version-history":[{"count":1,"href":"https:\/\/agora.xtec.cat\/inspontdeldiable\/wp-json\/wp\/v2\/posts\/2106\/revisions"}],"predecessor-version":[{"id":2109,"href":"https:\/\/agora.xtec.cat\/inspontdeldiable\/wp-json\/wp\/v2\/posts\/2106\/revisions\/2109"}],"wp:featuredmedia":[{"embeddable":true,"href":"https:\/\/agora.xtec.cat\/inspontdeldiable\/wp-json\/wp\/v2\/media\/2108"}],"wp:attachment":[{"href":"https:\/\/agora.xtec.cat\/inspontdeldiable\/wp-json\/wp\/v2\/media?parent=2106"}],"wp:term":[{"taxonomy":"category","embeddable":true,"href":"https:\/\/agora.xtec.cat\/inspontdeldiable\/wp-json\/wp\/v2\/categories?post=2106"},{"taxonomy":"post_tag","embeddable":true,"href":"https:\/\/agora.xtec.cat\/inspontdeldiable\/wp-json\/wp\/v2\/tags?post=2106"}],"curies":[{"name":"wp","href":"https:\/\/api.w.org\/{rel}","templated":true}]}}