{"id":2087,"date":"2022-10-03T11:52:18","date_gmt":"2022-10-03T09:52:18","guid":{"rendered":"https:\/\/agora.xtec.cat\/inspontdeldiable\/?p=2087"},"modified":"2022-10-03T11:54:09","modified_gmt":"2022-10-03T09:54:09","slug":"xerrada-amb-gent-gran-a-4t-deso","status":"publish","type":"post","link":"https:\/\/agora.xtec.cat\/inspontdeldiable\/general\/xerrada-amb-gent-gran-a-4t-deso\/","title":{"rendered":"XERRADA AMB LA GENT GRAN 4T D&#8217;ESO"},"content":{"rendered":"<div dir=\"auto\">Aprofitant que el dia 1 d&#8217;octubre \u00e9s el dia de la gent gran, amb la col\u00b7laboraci\u00f3 del CAP Sant Salvador, els dies 27 i 30 de setembre els alumnes de 4rt d&#8217;ESO han rebut una xerrada amb gent gran del barri, explicant la seva experi\u00e8ncia de vida i comunicaci\u00f3 en les seves generacions i fent part\u00edcip a l&#8217;alumnat perqu\u00e8 expliquessin quines difer\u00e8ncies trobaven en la vida d&#8217;abans i la d&#8217;ara.<img loading=\"lazy\" decoding=\"async\" class=\"alignnone wp-image-2088 size-large\" src=\"https:\/\/agora.xtec.cat\/inspontdeldiable\/wp-content\/uploads\/usu2039\/2022\/10\/20220930_132523-768x1024.jpg\" alt=\"\" width=\"768\" height=\"1024\" srcset=\"https:\/\/agora.xtec.cat\/inspontdeldiable\/wp-content\/uploads\/usu2039\/2022\/10\/20220930_132523-768x1024.jpg 768w, https:\/\/agora.xtec.cat\/inspontdeldiable\/wp-content\/uploads\/usu2039\/2022\/10\/20220930_132523-225x300.jpg 225w, https:\/\/agora.xtec.cat\/inspontdeldiable\/wp-content\/uploads\/usu2039\/2022\/10\/20220930_132523-1152x1536.jpg 1152w, https:\/\/agora.xtec.cat\/inspontdeldiable\/wp-content\/uploads\/usu2039\/2022\/10\/20220930_132523.jpg 1512w\" sizes=\"auto, (max-width: 768px) 100vw, 768px\" \/><\/div>\n<div dir=\"auto\"><\/div>\n<div dir=\"auto\"><img loading=\"lazy\" decoding=\"async\" class=\"alignnone size-large wp-image-2090\" src=\"https:\/\/agora.xtec.cat\/inspontdeldiable\/wp-content\/uploads\/usu2039\/2022\/10\/20220930_132559-768x1024.jpg\" alt=\"\" width=\"768\" height=\"1024\" srcset=\"https:\/\/agora.xtec.cat\/inspontdeldiable\/wp-content\/uploads\/usu2039\/2022\/10\/20220930_132559-768x1024.jpg 768w, https:\/\/agora.xtec.cat\/inspontdeldiable\/wp-content\/uploads\/usu2039\/2022\/10\/20220930_132559-225x300.jpg 225w, https:\/\/agora.xtec.cat\/inspontdeldiable\/wp-content\/uploads\/usu2039\/2022\/10\/20220930_132559-1152x1536.jpg 1152w, https:\/\/agora.xtec.cat\/inspontdeldiable\/wp-content\/uploads\/usu2039\/2022\/10\/20220930_132559.jpg 1512w\" sizes=\"auto, (max-width: 768px) 100vw, 768px\" \/><\/div>\n<div dir=\"auto\"><\/div>\n","protected":false},"excerpt":{"rendered":"<p>Aprofitant que el dia 1 d&#8217;octubre \u00e9s el dia de la gent gran, amb la col\u00b7laboraci\u00f3 del CAP Sant Salvador, els dies 27 i 30 de setembre els alumnes de 4rt d&#8217;ESO han rebut una xerrada amb gent gran del barri, explicant la seva experi\u00e8ncia&hellip;  <a href=\"https:\/\/agora.xtec.cat\/inspontdeldiable\/general\/xerrada-amb-gent-gran-a-4t-deso\/\" title=\"Read XERRADA AMB LA GENT GRAN 4T D&#8217;ESO\">Llegeix m\u00e9s\u00bb<\/a><\/p>\n","protected":false},"author":1,"featured_media":2089,"comment_status":"open","ping_status":"closed","sticky":false,"template":"","format":"standard","meta":{"_bbp_topic_count":0,"_bbp_reply_count":0,"_bbp_total_topic_count":0,"_bbp_total_reply_count":0,"_bbp_voice_count":0,"_bbp_anonymous_reply_count":0,"_bbp_topic_count_hidden":0,"_bbp_reply_count_hidden":0,"_bbp_forum_subforum_count":0,"footnotes":""},"categories":[7,1,29],"tags":[133,163,155],"class_list":["post-2087","post","type-post","status-publish","format-standard","has-post-thumbnail","hentry","category-eso-4","category-general","category-portada","tag-4-eso","tag-cap-sant-salvador","tag-xerrada"],"post_mailing_queue_ids":[],"_links":{"self":[{"href":"https:\/\/agora.xtec.cat\/inspontdeldiable\/wp-json\/wp\/v2\/posts\/2087","targetHints":{"allow":["GET"]}}],"collection":[{"href":"https:\/\/agora.xtec.cat\/inspontdeldiable\/wp-json\/wp\/v2\/posts"}],"about":[{"href":"https:\/\/agora.xtec.cat\/inspontdeldiable\/wp-json\/wp\/v2\/types\/post"}],"author":[{"embeddable":true,"href":"https:\/\/agora.xtec.cat\/inspontdeldiable\/wp-json\/wp\/v2\/users\/1"}],"replies":[{"embeddable":true,"href":"https:\/\/agora.xtec.cat\/inspontdeldiable\/wp-json\/wp\/v2\/comments?post=2087"}],"version-history":[{"count":2,"href":"https:\/\/agora.xtec.cat\/inspontdeldiable\/wp-json\/wp\/v2\/posts\/2087\/revisions"}],"predecessor-version":[{"id":2092,"href":"https:\/\/agora.xtec.cat\/inspontdeldiable\/wp-json\/wp\/v2\/posts\/2087\/revisions\/2092"}],"wp:featuredmedia":[{"embeddable":true,"href":"https:\/\/agora.xtec.cat\/inspontdeldiable\/wp-json\/wp\/v2\/media\/2089"}],"wp:attachment":[{"href":"https:\/\/agora.xtec.cat\/inspontdeldiable\/wp-json\/wp\/v2\/media?parent=2087"}],"wp:term":[{"taxonomy":"category","embeddable":true,"href":"https:\/\/agora.xtec.cat\/inspontdeldiable\/wp-json\/wp\/v2\/categories?post=2087"},{"taxonomy":"post_tag","embeddable":true,"href":"https:\/\/agora.xtec.cat\/inspontdeldiable\/wp-json\/wp\/v2\/tags?post=2087"}],"curies":[{"name":"wp","href":"https:\/\/api.w.org\/{rel}","templated":true}]}}