{"id":2080,"date":"2022-09-13T13:14:12","date_gmt":"2022-09-13T11:14:12","guid":{"rendered":"https:\/\/agora.xtec.cat\/inspontdeldiable\/?p=2080"},"modified":"2022-09-21T16:15:03","modified_gmt":"2022-09-21T14:15:03","slug":"vacants-cicles-formatius-segona-fase-dadmisio","status":"publish","type":"post","link":"https:\/\/agora.xtec.cat\/inspontdeldiable\/general\/vacants-cicles-formatius-segona-fase-dadmisio\/","title":{"rendered":"LLISTA PLACES ASSIGNADES CICLES FORMATIUS SEGONA FASE D&#8217;ADMISSI\u00d3"},"content":{"rendered":"<p>Clicant en el seg\u00fcent <a href=\"https:\/\/drive.google.com\/file\/d\/18JzkRfJekwEEzscH25wQoA0CizV_9ic7\/view?usp=sharing\"><strong>enlla\u00e7<\/strong><\/a> trobar\u00e0s <strong>la llista de les places assignades<\/strong> en aquesta <strong>segona fase<\/strong> d&#8217;admissi\u00f3.<\/p>\n<p>&nbsp;<\/p>\n<p>Clicant en el seg\u00fcent <a href=\"https:\/\/drive.google.com\/file\/d\/1WOGjx3vBlzgSip47m4cBC2ThNSe5lHNB\/view?usp=sharing\"><strong>enlla\u00e7<\/strong><\/a> trobar\u00e0s les <strong>places vancants<\/strong> de la <strong>segona fase<\/strong> d&#8217;admissi\u00f3.<\/p>\n<h6><\/h6>\n<h6><\/h6>\n<h5 class=\"basic_title col-sm-12 pd-10\">Quins s\u00f3n els passos\u00a0a seguir per a la segona fase d&#8217;admissi\u00f3?<\/h5>\n<div class=\"col-xs-12 columna_esquerra\">\n<div class=\"cos_bloc basic_text_peq pd-15 link-dotted\">\n<ul>\n<li>Els alumnes que podeu participar en aquesta segona fase d&#8217;admissi\u00f3 sou aquells que vau participar i no vau obtenir pla\u00e7a ni per assignaci\u00f3 ni per la gesti\u00f3 de llista d&#8217;espera. Si compliu aquests requisits rebreu un correu electr\u00f2nic amb un enlla\u00e7.<\/li>\n<li>El per\u00edode per presentar l&#8217;ampliaci\u00f3 de sol\u00b7licituds en aquesta segona fase \u00e9s\u00a0del\u00a0<strong>14<\/strong>\u00a0<strong>al 16 de setembre de 2022<\/strong>.<\/li>\n<li>Per accedir-hi cal que t&#8217;identifiquis amb el codi de sol\u00b7licitud i el teu DNI si ets major d&#8217;edat, o el del teu tutor referent si ets menor d&#8217;edat.<\/li>\n<li>Pots introduir fins a cinc peticions m\u00e9s d&#8217;entre els centres i cicles amb oferta de vacants en la segona fase d&#8217;admissi\u00f3.<br \/>\nEn aquesta segona fase d&#8217;admissi\u00f3 les sol\u00b7licituds s&#8217;assignen en primer lloc a les sol\u00b7licituds del proc\u00e9s per a alumnat de continu\u00eftat d&#8217;escolaritzaci\u00f3 i, posteriorment les del proc\u00e9s per a la resta de l&#8217;alumnat, en els dos casos, ordenades d&#8217;acord amb la qualificaci\u00f3 mitjana dels estudis o la qualificaci\u00f3 de la prova que permet l&#8217;acc\u00e9s.<\/li>\n<li>Pots consultar les assignacions finals en aquest web o al Departament d&#8217;Ensenyament a partir del <strong>21 de setembre de 2022<\/strong>.<\/li>\n<\/ul>\n<\/div>\n<\/div>\n<p>&nbsp;<\/p>\n<p>&nbsp;<\/p>\n","protected":false},"excerpt":{"rendered":"<p>Clicant en el seg\u00fcent <a href=\"https:\/\/drive.google.com\/file\/d\/18JzkRfJekwEEzscH25wQoA0CizV_9ic7\/view?usp=sharing\">enlla\u00e7<\/a> trobar\u00e0s la llista de les places assignades en aquesta segona fase d&#8217;admissi\u00f3.<br \/>\n&nbsp;<br \/>\nClicant en el seg\u00fcent <a href=\"https:\/\/drive.google.com\/file\/d\/1WOGjx3vBlzgSip47m4cBC2ThNSe5lHNB\/view?usp=sharing\">enlla\u00e7<\/a> trobar\u00e0s les places vancants de la segona fase d&#8217;admissi\u00f3.<\/p>\n<p>Quins s\u00f3n els passos\u00a0a seguir per a la segona fase d&#8217;admissi\u00f3?<\/p>\n<ul>\n<li>Els alumnes que podeu&hellip;  <a href=\"https:\/\/agora.xtec.cat\/inspontdeldiable\/general\/vacants-cicles-formatius-segona-fase-dadmisio\/\" title=\"Read LLISTA PLACES ASSIGNADES CICLES FORMATIUS SEGONA FASE D&#8217;ADMISSI\u00d3\">Llegeix m\u00e9s\u00bb<\/a><br \/>\n","protected":false},"author":1,"featured_media":2081,"comment_status":"open","ping_status":"closed","sticky":false,"template":"","format":"standard","meta":{"_bbp_topic_count":0,"_bbp_reply_count":0,"_bbp_total_topic_count":0,"_bbp_total_reply_count":0,"_bbp_voice_count":0,"_bbp_anonymous_reply_count":0,"_bbp_topic_count_hidden":0,"_bbp_reply_count_hidden":0,"_bbp_forum_subforum_count":0,"footnotes":""},"categories":[1,29],"tags":[115,148],"class_list":["post-2080","post","type-post","status-publish","format-standard","has-post-thumbnail","hentry","category-general","category-portada","tag-cicles-formatius","tag-preinscripcio"],"post_mailing_queue_ids":[],"_links":{"self":[{"href":"https:\/\/agora.xtec.cat\/inspontdeldiable\/wp-json\/wp\/v2\/posts\/2080","targetHints":{"allow":["GET"]}}],"collection":[{"href":"https:\/\/agora.xtec.cat\/inspontdeldiable\/wp-json\/wp\/v2\/posts"}],"about":[{"href":"https:\/\/agora.xtec.cat\/inspontdeldiable\/wp-json\/wp\/v2\/types\/post"}],"author":[{"embeddable":true,"href":"https:\/\/agora.xtec.cat\/inspontdeldiable\/wp-json\/wp\/v2\/users\/1"}],"replies":[{"embeddable":true,"href":"https:\/\/agora.xtec.cat\/inspontdeldiable\/wp-json\/wp\/v2\/comments?post=2080"}],"version-history":[{"count":3,"href":"https:\/\/agora.xtec.cat\/inspontdeldiable\/wp-json\/wp\/v2\/posts\/2080\/revisions"}],"predecessor-version":[{"id":2086,"href":"https:\/\/agora.xtec.cat\/inspontdeldiable\/wp-json\/wp\/v2\/posts\/2080\/revisions\/2086"}],"wp:featuredmedia":[{"embeddable":true,"href":"https:\/\/agora.xtec.cat\/inspontdeldiable\/wp-json\/wp\/v2\/media\/2081"}],"wp:attachment":[{"href":"https:\/\/agora.xtec.cat\/inspontdeldiable\/wp-json\/wp\/v2\/media?parent=2080"}],"wp:term":[{"taxonomy":"category","embeddable":true,"href":"https:\/\/agora.xtec.cat\/inspontdeldiable\/wp-json\/wp\/v2\/categories?post=2080"},{"taxonomy":"post_tag","embeddable":true,"href":"https:\/\/agora.xtec.cat\/inspontdeldiable\/wp-json\/wp\/v2\/tags?post=2080"}],"curies":[{"name":"wp","href":"https:\/\/api.w.org\/{rel}","templated":true}]}}