{"id":2070,"date":"2022-07-22T15:05:28","date_gmt":"2022-07-22T13:05:28","guid":{"rendered":"https:\/\/agora.xtec.cat\/inspontdeldiable\/?p=2070"},"modified":"2022-07-23T16:22:05","modified_gmt":"2022-07-23T14:22:05","slug":"gestio-llista-despera-cfgm","status":"publish","type":"post","link":"https:\/\/agora.xtec.cat\/inspontdeldiable\/general\/gestio-llista-despera-cfgm\/","title":{"rendered":"GESTI\u00d3 LLISTA D&#8217;ESPERA CFGM"},"content":{"rendered":"<p>Es disposen de <strong>2 places vacants<\/strong> del CFGM de <strong>Cures Auxiliars d&#8217;Infermeria<\/strong><\/p>\n<p>La gesti\u00f3 de la llista d&#8217;espera, tant del proc\u00e9s d&#8217;alumnat amb continu\u00eftat d&#8217;escolaritzaci\u00f3 com del proc\u00e9s per a la resta d&#8217;alumnat, es far\u00e0 en un acte p\u00fablic \u00fanic a la secretaria del centre, <strong>dilluns dia 25 de juliol a les 11:00 h<\/strong>.<\/p>\n<p>A l\u2019acte ha d\u2019assistir la persona interessada. En cas de no ser possible podr\u00e0 fer-ho qualsevol altra en representaci\u00f3 degudament autoritzada. Si sou menors d\u2019edat heu d\u2019anar acompanyats del pare\/mare\/tutor.<\/p>\n<p>La no assist\u00e8ncia a l\u2019acte d\u2019assignaci\u00f3 suposa la p\u00e8rdua del dret a l\u2019assignaci\u00f3 de pla\u00e7a.<\/p>\n<p>S\u2019anomena per ordre a les persones de la llista d\u2019espera:<\/p>\n<p class=\"header2 pd-15 pd-30\" style=\"padding-left: 40px;\">En primer lloc les persones de la llista d\u2019espera de continu\u00eftat, si n\u2019hi ha.<\/p>\n<p style=\"padding-left: 40px;\">En segon lloc les persones de la llista d\u2019espera de la resta d\u2019alumnat.<\/p>\n<p><em>La llista d\u2019espera s\u2019ordena segons la via d\u2019acc\u00e9s, d\u2019acord amb l\u2019ordre de petici\u00f3, els criteris <\/em><em>de prioritat i el n\u00famero de desempat, i cont\u00e9 \u00fanicament les sol\u00b7licituds que han demanat <\/em><em>el centre en primera opci\u00f3.<\/em><\/p>\n<p>Seguidament a l&#8217;acte es procedir\u00e0 a la matriculaci\u00f3, \u00e9s important que porteu la documentaci\u00f3 necess\u00e0ria per realitzar la matricula.<\/p>\n<p>La\u00a0<strong>documentaci\u00f3<\/strong>\u00a0que s\u2019ha de portar al formalitzar la matr\u00edcula \u00e9s:<\/p>\n<ul>\n<li style=\"list-style-type: none;\">\n<ul>\n<li>Fotoc\u00f2pia del DNI\/NIE\/ Passaport<\/li>\n<li>Fotoc\u00f2pia del DNI\/NIE\/Passaport del pare\/mare\/tutors (per alumnat menor d&#8217;edat)<\/li>\n<li>Fotoc\u00f2pia del llibre de fam\u00edlia (per alumnat menor d&#8217;edat)<\/li>\n<li>Fotografia mida carnet<\/li>\n<li>Fotoc\u00f2pia Certificat final d\u2019etapa o resguard t\u00edtol ESO (alumnes que han al\u00b7legat aquesta condici\u00f3 d\u2019acc\u00e9s a grau mitj\u00e0)<\/li>\n<\/ul>\n<\/li>\n<\/ul>\n<p>L\u2019<strong>import<\/strong>\u00a0de la matr\u00edcula \u00e9s de\u00a0<strong>70 \u20ac<\/strong>, aquest import es pagar\u00e0 en <strong>EFECTIU <\/strong>en el moment de realitzar la matr\u00edcula al centre.<\/p>\n<p>S&#8217;informa a l\u2019alumnat que no li ha estat assignada una pla\u00e7a que al setembre s&#8217;inicia el proc\u00e9s de la segona fase.<\/p>\n<p>Podeu trobar informaci\u00f3 sobre la formaci\u00f3 professional clicant en el seg\u00fcent<a href=\"https:\/\/fp.gencat.cat\/ca\/formacio-professional\/\"> enlla\u00e7<\/a><\/p>\n<h3><\/h3>\n","protected":false},"excerpt":{"rendered":"<p>Es disposen de 2 places vacants del CFGM de Cures Auxiliars d&#8217;Infermeria<br \/>\nLa gesti\u00f3 de la llista d&#8217;espera, tant del proc\u00e9s d&#8217;alumnat amb continu\u00eftat d&#8217;escolaritzaci\u00f3 com del proc\u00e9s per a la resta d&#8217;alumnat, es far\u00e0 en un acte p\u00fablic \u00fanic a la secretaria del centre, dilluns&hellip;  <a href=\"https:\/\/agora.xtec.cat\/inspontdeldiable\/general\/gestio-llista-despera-cfgm\/\" title=\"Read GESTI\u00d3 LLISTA D&#8217;ESPERA CFGM\">Llegeix m\u00e9s\u00bb<\/a><\/p>\n","protected":false},"author":1,"featured_media":2071,"comment_status":"open","ping_status":"closed","sticky":false,"template":"","format":"standard","meta":{"_bbp_topic_count":0,"_bbp_reply_count":0,"_bbp_total_topic_count":0,"_bbp_total_reply_count":0,"_bbp_voice_count":0,"_bbp_anonymous_reply_count":0,"_bbp_topic_count_hidden":0,"_bbp_reply_count_hidden":0,"_bbp_forum_subforum_count":0,"footnotes":""},"categories":[1,29],"tags":[115,124,148],"class_list":["post-2070","post","type-post","status-publish","format-standard","has-post-thumbnail","hentry","category-general","category-portada","tag-cicles-formatius","tag-matricula","tag-preinscripcio"],"post_mailing_queue_ids":[],"_links":{"self":[{"href":"https:\/\/agora.xtec.cat\/inspontdeldiable\/wp-json\/wp\/v2\/posts\/2070","targetHints":{"allow":["GET"]}}],"collection":[{"href":"https:\/\/agora.xtec.cat\/inspontdeldiable\/wp-json\/wp\/v2\/posts"}],"about":[{"href":"https:\/\/agora.xtec.cat\/inspontdeldiable\/wp-json\/wp\/v2\/types\/post"}],"author":[{"embeddable":true,"href":"https:\/\/agora.xtec.cat\/inspontdeldiable\/wp-json\/wp\/v2\/users\/1"}],"replies":[{"embeddable":true,"href":"https:\/\/agora.xtec.cat\/inspontdeldiable\/wp-json\/wp\/v2\/comments?post=2070"}],"version-history":[{"count":3,"href":"https:\/\/agora.xtec.cat\/inspontdeldiable\/wp-json\/wp\/v2\/posts\/2070\/revisions"}],"predecessor-version":[{"id":2074,"href":"https:\/\/agora.xtec.cat\/inspontdeldiable\/wp-json\/wp\/v2\/posts\/2070\/revisions\/2074"}],"wp:featuredmedia":[{"embeddable":true,"href":"https:\/\/agora.xtec.cat\/inspontdeldiable\/wp-json\/wp\/v2\/media\/2071"}],"wp:attachment":[{"href":"https:\/\/agora.xtec.cat\/inspontdeldiable\/wp-json\/wp\/v2\/media?parent=2070"}],"wp:term":[{"taxonomy":"category","embeddable":true,"href":"https:\/\/agora.xtec.cat\/inspontdeldiable\/wp-json\/wp\/v2\/categories?post=2070"},{"taxonomy":"post_tag","embeddable":true,"href":"https:\/\/agora.xtec.cat\/inspontdeldiable\/wp-json\/wp\/v2\/tags?post=2070"}],"curies":[{"name":"wp","href":"https:\/\/api.w.org\/{rel}","templated":true}]}}