{"id":1994,"date":"2022-04-28T11:07:37","date_gmt":"2022-04-28T09:07:37","guid":{"rendered":"https:\/\/agora.xtec.cat\/inspontdeldiable\/?p=1994"},"modified":"2022-04-28T11:07:37","modified_gmt":"2022-04-28T09:07:37","slug":"sant-jordi-2022","status":"publish","type":"post","link":"https:\/\/agora.xtec.cat\/inspontdeldiable\/general\/sant-jordi-2022\/","title":{"rendered":"SANT JORDI 2022"},"content":{"rendered":"<p>El passat dia 25 d&#8217;abril es va celebrar a l\u2019institut la diada de Sant Jordi.<\/p>\n<p>Els autors homenatjats per aquest Sant Jordi van ser Carmen Laforet i Gabriel Ferrater, ja que aquest curs s\u2019ha commemorat el centenari del naixement d\u2019ambd\u00f3s escriptors.<\/p>\n<p>L\u2019acte de celebraci\u00f3, que va tenir lloc al gimn\u00e0s de l\u2019institut, va ser presentat per dues alumnes de 4t i s\u2019hi van projectar dues presentacions dedicades a aquests literats. Simult\u00e0niament, alumnes\u00a0 d\u2019ESO van llegir la biografia dels artistes homenatjats, aix\u00ed com fragments literaris de l\u2019obra de Carmen Laforet i poemes de Gabriel Ferrater.<\/p>\n<p><img loading=\"lazy\" decoding=\"async\" class=\"alignnone size-large wp-image-1995\" src=\"https:\/\/agora.xtec.cat\/inspontdeldiable\/wp-content\/uploads\/usu2039\/2022\/04\/20220425_122154-1024x462.jpg\" alt=\"\" width=\"1024\" height=\"462\" srcset=\"https:\/\/agora.xtec.cat\/inspontdeldiable\/wp-content\/uploads\/usu2039\/2022\/04\/20220425_122154-1024x462.jpg 1024w, https:\/\/agora.xtec.cat\/inspontdeldiable\/wp-content\/uploads\/usu2039\/2022\/04\/20220425_122154-300x135.jpg 300w, https:\/\/agora.xtec.cat\/inspontdeldiable\/wp-content\/uploads\/usu2039\/2022\/04\/20220425_122154-768x346.jpg 768w, https:\/\/agora.xtec.cat\/inspontdeldiable\/wp-content\/uploads\/usu2039\/2022\/04\/20220425_122154-1536x692.jpg 1536w, https:\/\/agora.xtec.cat\/inspontdeldiable\/wp-content\/uploads\/usu2039\/2022\/04\/20220425_122154-2048x923.jpg 2048w\" sizes=\"auto, (max-width: 1024px) 100vw, 1024px\" \/><\/p>\n<p>Tot seguit, es van lliurar els premis del XX Concurs Literari organitzat pel Departament de Lleng\u00fces. A m\u00e9s, es va fer entrega de diplomes als alumnes que van participar en el Concurs de Relat Breu de Coca-Cola en llengua catalana i llengua castellana.<\/p>\n<p>Per acabar, es va poder gaudir d\u2019un muntatge audiovisual en qu\u00e8 els alumnes de l\u2019Aula d\u2019Acollida recitaven poemes de Sant Jordi.<\/p>\n<p>Aix\u00ed mateix, els llibres de segona m\u00e0 tamb\u00e9 van tenir protagonisme, ja que es va muntar una paradeta al vest\u00edbul i qui va estar interessat a adquirir un llibre ho va poder fer.<\/p>\n<p><img loading=\"lazy\" decoding=\"async\" class=\"alignnone size-large wp-image-1996\" src=\"https:\/\/agora.xtec.cat\/inspontdeldiable\/wp-content\/uploads\/usu2039\/2022\/04\/20220425_104529-1024x461.jpg\" alt=\"\" width=\"1024\" height=\"461\" srcset=\"https:\/\/agora.xtec.cat\/inspontdeldiable\/wp-content\/uploads\/usu2039\/2022\/04\/20220425_104529-1024x461.jpg 1024w, https:\/\/agora.xtec.cat\/inspontdeldiable\/wp-content\/uploads\/usu2039\/2022\/04\/20220425_104529-300x135.jpg 300w, https:\/\/agora.xtec.cat\/inspontdeldiable\/wp-content\/uploads\/usu2039\/2022\/04\/20220425_104529-768x346.jpg 768w, https:\/\/agora.xtec.cat\/inspontdeldiable\/wp-content\/uploads\/usu2039\/2022\/04\/20220425_104529-1536x691.jpg 1536w, https:\/\/agora.xtec.cat\/inspontdeldiable\/wp-content\/uploads\/usu2039\/2022\/04\/20220425_104529.jpg 2000w\" sizes=\"auto, (max-width: 1024px) 100vw, 1024px\" \/><\/p>\n<p>Per veure les imatges clica en aquest <a href=\"https:\/\/photos.app.goo.gl\/soAtx1PDk9zgYY3T8\">enlla\u00e7<\/a><\/p>\n","protected":false},"excerpt":{"rendered":"<p>El passat dia 25 d&#8217;abril es va celebrar a l\u2019institut la diada de Sant Jordi.<br \/>\nEls autors homenatjats per aquest Sant Jordi van ser Carmen Laforet i Gabriel Ferrater, ja que aquest curs s\u2019ha commemorat el centenari del naixement d\u2019ambd\u00f3s escriptors.<br \/>\nL\u2019acte de celebraci\u00f3, que va tenir&hellip;  <a href=\"https:\/\/agora.xtec.cat\/inspontdeldiable\/general\/sant-jordi-2022\/\" title=\"Read SANT JORDI 2022\">Llegeix m\u00e9s\u00bb<\/a><\/p>\n","protected":false},"author":1,"featured_media":1997,"comment_status":"open","ping_status":"closed","sticky":false,"template":"","format":"standard","meta":{"_bbp_topic_count":0,"_bbp_reply_count":0,"_bbp_total_topic_count":0,"_bbp_total_reply_count":0,"_bbp_voice_count":0,"_bbp_anonymous_reply_count":0,"_bbp_topic_count_hidden":0,"_bbp_reply_count_hidden":0,"_bbp_forum_subforum_count":0,"footnotes":""},"categories":[3,4,5,6,7,1,29],"tags":[146,114,38],"class_list":["post-1994","post","type-post","status-publish","format-standard","has-post-thumbnail","hentry","category-eso","category-eso-1","category-eso-2","category-eso-3","category-eso-4","category-general","category-portada","tag-departament-llengues","tag-eso","tag-sant-jordi"],"post_mailing_queue_ids":[],"_links":{"self":[{"href":"https:\/\/agora.xtec.cat\/inspontdeldiable\/wp-json\/wp\/v2\/posts\/1994","targetHints":{"allow":["GET"]}}],"collection":[{"href":"https:\/\/agora.xtec.cat\/inspontdeldiable\/wp-json\/wp\/v2\/posts"}],"about":[{"href":"https:\/\/agora.xtec.cat\/inspontdeldiable\/wp-json\/wp\/v2\/types\/post"}],"author":[{"embeddable":true,"href":"https:\/\/agora.xtec.cat\/inspontdeldiable\/wp-json\/wp\/v2\/users\/1"}],"replies":[{"embeddable":true,"href":"https:\/\/agora.xtec.cat\/inspontdeldiable\/wp-json\/wp\/v2\/comments?post=1994"}],"version-history":[{"count":1,"href":"https:\/\/agora.xtec.cat\/inspontdeldiable\/wp-json\/wp\/v2\/posts\/1994\/revisions"}],"predecessor-version":[{"id":1998,"href":"https:\/\/agora.xtec.cat\/inspontdeldiable\/wp-json\/wp\/v2\/posts\/1994\/revisions\/1998"}],"wp:featuredmedia":[{"embeddable":true,"href":"https:\/\/agora.xtec.cat\/inspontdeldiable\/wp-json\/wp\/v2\/media\/1997"}],"wp:attachment":[{"href":"https:\/\/agora.xtec.cat\/inspontdeldiable\/wp-json\/wp\/v2\/media?parent=1994"}],"wp:term":[{"taxonomy":"category","embeddable":true,"href":"https:\/\/agora.xtec.cat\/inspontdeldiable\/wp-json\/wp\/v2\/categories?post=1994"},{"taxonomy":"post_tag","embeddable":true,"href":"https:\/\/agora.xtec.cat\/inspontdeldiable\/wp-json\/wp\/v2\/tags?post=1994"}],"curies":[{"name":"wp","href":"https:\/\/api.w.org\/{rel}","templated":true}]}}