{"id":1988,"date":"2022-04-26T14:48:27","date_gmt":"2022-04-26T12:48:27","guid":{"rendered":"https:\/\/agora.xtec.cat\/inspontdeldiable\/?p=1988"},"modified":"2022-04-26T14:49:05","modified_gmt":"2022-04-26T12:49:05","slug":"servei-comunitari-aula-oberta-4rt","status":"publish","type":"post","link":"https:\/\/agora.xtec.cat\/inspontdeldiable\/general\/servei-comunitari-aula-oberta-4rt\/","title":{"rendered":"SERVEI COMUNITARI AULA OBERTA 4t"},"content":{"rendered":"<p>En el marc del servei comunitari de 4t, els alumnes de l&#8217;aula oberta han col\u00b7laborat en el manteniment del projecte d&#8217;Aurora de restauraci\u00f3 del bosc de ribera del riu Francol\u00ed al seu pas pel barri de Sant Salvador, tot aprofitant per a fer una descoberta naturalista d&#8217;aquest h\u00e0bitat natural singular.<\/p>\n<p><img loading=\"lazy\" decoding=\"async\" class=\"size-large wp-image-1990\" src=\"https:\/\/agora.xtec.cat\/inspontdeldiable\/wp-content\/uploads\/usu2039\/2022\/04\/IMG_20220422_132042-1024x492.jpg\" alt=\"\" width=\"1024\" height=\"492\" srcset=\"https:\/\/agora.xtec.cat\/inspontdeldiable\/wp-content\/uploads\/usu2039\/2022\/04\/IMG_20220422_132042-1024x492.jpg 1024w, https:\/\/agora.xtec.cat\/inspontdeldiable\/wp-content\/uploads\/usu2039\/2022\/04\/IMG_20220422_132042-300x144.jpg 300w, https:\/\/agora.xtec.cat\/inspontdeldiable\/wp-content\/uploads\/usu2039\/2022\/04\/IMG_20220422_132042-768x369.jpg 768w, https:\/\/agora.xtec.cat\/inspontdeldiable\/wp-content\/uploads\/usu2039\/2022\/04\/IMG_20220422_132042-1536x737.jpg 1536w, https:\/\/agora.xtec.cat\/inspontdeldiable\/wp-content\/uploads\/usu2039\/2022\/04\/IMG_20220422_132042-2048x983.jpg 2048w\" sizes=\"auto, (max-width: 1024px) 100vw, 1024px\" \/><\/p>\n<div dir=\"auto\">Si cliqueu <a href=\"https:\/\/photos.app.goo.gl\/Bf6rabS8cUa6B7aVA\">aqu\u00ed<\/a> podeu veure les fotos.<\/div>\n","protected":false},"excerpt":{"rendered":"<p>En el marc del servei comunitari de 4t, els alumnes de l&#8217;aula oberta han col\u00b7laborat en el manteniment del projecte d&#8217;Aurora de restauraci\u00f3 del bosc de ribera del riu Francol\u00ed al seu pas pel barri de Sant Salvador, tot aprofitant per a fer una descoberta&hellip;  <a href=\"https:\/\/agora.xtec.cat\/inspontdeldiable\/general\/servei-comunitari-aula-oberta-4rt\/\" title=\"Read SERVEI COMUNITARI AULA OBERTA 4t\">Llegeix m\u00e9s\u00bb<\/a><\/p>\n","protected":false},"author":1,"featured_media":1989,"comment_status":"open","ping_status":"closed","sticky":false,"template":"","format":"standard","meta":{"_bbp_topic_count":0,"_bbp_reply_count":0,"_bbp_total_topic_count":0,"_bbp_total_reply_count":0,"_bbp_voice_count":0,"_bbp_anonymous_reply_count":0,"_bbp_topic_count_hidden":0,"_bbp_reply_count_hidden":0,"_bbp_forum_subforum_count":0,"footnotes":""},"categories":[7,1,29],"tags":[133,137,134],"class_list":["post-1988","post","type-post","status-publish","format-standard","has-post-thumbnail","hentry","category-eso-4","category-general","category-portada","tag-4-eso","tag-aula-oberta","tag-servei-comunitari"],"post_mailing_queue_ids":[],"_links":{"self":[{"href":"https:\/\/agora.xtec.cat\/inspontdeldiable\/wp-json\/wp\/v2\/posts\/1988","targetHints":{"allow":["GET"]}}],"collection":[{"href":"https:\/\/agora.xtec.cat\/inspontdeldiable\/wp-json\/wp\/v2\/posts"}],"about":[{"href":"https:\/\/agora.xtec.cat\/inspontdeldiable\/wp-json\/wp\/v2\/types\/post"}],"author":[{"embeddable":true,"href":"https:\/\/agora.xtec.cat\/inspontdeldiable\/wp-json\/wp\/v2\/users\/1"}],"replies":[{"embeddable":true,"href":"https:\/\/agora.xtec.cat\/inspontdeldiable\/wp-json\/wp\/v2\/comments?post=1988"}],"version-history":[{"count":2,"href":"https:\/\/agora.xtec.cat\/inspontdeldiable\/wp-json\/wp\/v2\/posts\/1988\/revisions"}],"predecessor-version":[{"id":1993,"href":"https:\/\/agora.xtec.cat\/inspontdeldiable\/wp-json\/wp\/v2\/posts\/1988\/revisions\/1993"}],"wp:featuredmedia":[{"embeddable":true,"href":"https:\/\/agora.xtec.cat\/inspontdeldiable\/wp-json\/wp\/v2\/media\/1989"}],"wp:attachment":[{"href":"https:\/\/agora.xtec.cat\/inspontdeldiable\/wp-json\/wp\/v2\/media?parent=1988"}],"wp:term":[{"taxonomy":"category","embeddable":true,"href":"https:\/\/agora.xtec.cat\/inspontdeldiable\/wp-json\/wp\/v2\/categories?post=1988"},{"taxonomy":"post_tag","embeddable":true,"href":"https:\/\/agora.xtec.cat\/inspontdeldiable\/wp-json\/wp\/v2\/tags?post=1988"}],"curies":[{"name":"wp","href":"https:\/\/api.w.org\/{rel}","templated":true}]}}