{"id":1977,"date":"2022-04-25T23:30:07","date_gmt":"2022-04-25T21:30:07","guid":{"rendered":"https:\/\/agora.xtec.cat\/inspontdeldiable\/?p=1977"},"modified":"2022-04-25T23:32:17","modified_gmt":"2022-04-25T21:32:17","slug":"dia-mundial-de-lactivitat-fisica","status":"publish","type":"post","link":"https:\/\/agora.xtec.cat\/inspontdeldiable\/general\/dia-mundial-de-lactivitat-fisica\/","title":{"rendered":"DIA MUNDIAL DE L&#8217; ACTIVITAT F\u00cdSICA"},"content":{"rendered":"<p><span style=\"font-size: 10.5pt; font-family: 'Helvetica','sans-serif'; color: #666666;\">El dia 6 d\u2019abril l\u2019alumnat d\u2019ESO ha celebrat el <span style=\"font-family: 'Helvetica','sans-serif';\">Dia Mundial de l&#8217;Activitat F\u00edsica<\/span>.<\/span><\/p>\n<p><span style=\"font-size: 10.5pt; font-family: 'Helvetica','sans-serif'; color: #666666;\">Ha estat una iniciativa conjunta entre el CAP de Sant Salvador i l\u2019Institut, a<span style=\"font-family: 'Helvetica','sans-serif';\">mb l&#8217;objectiu de promoure l&#8217;activitat f\u00edsica com a eina de salut i benestar, i estendre els efectes beneficiosos d&#8217;aquesta pr\u00e0ctica enfront del sedentarisme, un dels principals factors de risc de mort als pa\u00efsos occidentals.<\/span><\/span><\/p>\n<p><span style=\"font-size: 10.5pt; font-family: 'Helvetica','sans-serif'; color: #666666;\">Ha estat una jornada esportiva, finalitzant-la amb el lema mundial d\u2019enguany \u00e9s\u00a0<span style=\"font-family: 'Helvetica','sans-serif';\">\u201cMou la vida\u201d<\/span><b><\/b><\/span><\/p>\n<p><iframe loading=\"lazy\" src=\"\/\/www.youtube.com\/embed\/KuXirVqoNzg\" width=\"560\" height=\"314\" allowfullscreen=\"allowfullscreen\"><\/iframe><\/p>\n<p>A m\u00e9s a m\u00e9s, si voleu veure les imatges de la jornada cliqueu <a href=\"https:\/\/photos.app.goo.gl\/TJYrb795TwGayS7C6\">aqu\u00ed<\/a>.<\/p>\n","protected":false},"excerpt":{"rendered":"<p>El dia 6 d\u2019abril l\u2019alumnat d\u2019ESO ha celebrat el Dia Mundial de l&#8217;Activitat F\u00edsica.<br \/>\nHa estat una iniciativa conjunta entre el CAP de Sant Salvador i l\u2019Institut, amb l&#8217;objectiu de promoure l&#8217;activitat f\u00edsica com a eina de salut i benestar, i estendre els efectes beneficiosos d&#8217;aquesta&hellip;  <a href=\"https:\/\/agora.xtec.cat\/inspontdeldiable\/general\/dia-mundial-de-lactivitat-fisica\/\" title=\"Read DIA MUNDIAL DE L&#8217; ACTIVITAT F\u00cdSICA\">Llegeix m\u00e9s\u00bb<\/a><\/p>\n","protected":false},"author":1,"featured_media":1978,"comment_status":"open","ping_status":"closed","sticky":false,"template":"","format":"standard","meta":{"_bbp_topic_count":0,"_bbp_reply_count":0,"_bbp_total_topic_count":0,"_bbp_total_reply_count":0,"_bbp_voice_count":0,"_bbp_anonymous_reply_count":0,"_bbp_topic_count_hidden":0,"_bbp_reply_count_hidden":0,"_bbp_forum_subforum_count":0,"footnotes":""},"categories":[3,4,5,6,7,1,29],"tags":[126,114,58],"class_list":["post-1977","post","type-post","status-publish","format-standard","has-post-thumbnail","hentry","category-eso","category-eso-1","category-eso-2","category-eso-3","category-eso-4","category-general","category-portada","tag-educacio-fisica","tag-eso","tag-tallers"],"post_mailing_queue_ids":[],"_links":{"self":[{"href":"https:\/\/agora.xtec.cat\/inspontdeldiable\/wp-json\/wp\/v2\/posts\/1977","targetHints":{"allow":["GET"]}}],"collection":[{"href":"https:\/\/agora.xtec.cat\/inspontdeldiable\/wp-json\/wp\/v2\/posts"}],"about":[{"href":"https:\/\/agora.xtec.cat\/inspontdeldiable\/wp-json\/wp\/v2\/types\/post"}],"author":[{"embeddable":true,"href":"https:\/\/agora.xtec.cat\/inspontdeldiable\/wp-json\/wp\/v2\/users\/1"}],"replies":[{"embeddable":true,"href":"https:\/\/agora.xtec.cat\/inspontdeldiable\/wp-json\/wp\/v2\/comments?post=1977"}],"version-history":[{"count":3,"href":"https:\/\/agora.xtec.cat\/inspontdeldiable\/wp-json\/wp\/v2\/posts\/1977\/revisions"}],"predecessor-version":[{"id":1987,"href":"https:\/\/agora.xtec.cat\/inspontdeldiable\/wp-json\/wp\/v2\/posts\/1977\/revisions\/1987"}],"wp:featuredmedia":[{"embeddable":true,"href":"https:\/\/agora.xtec.cat\/inspontdeldiable\/wp-json\/wp\/v2\/media\/1978"}],"wp:attachment":[{"href":"https:\/\/agora.xtec.cat\/inspontdeldiable\/wp-json\/wp\/v2\/media?parent=1977"}],"wp:term":[{"taxonomy":"category","embeddable":true,"href":"https:\/\/agora.xtec.cat\/inspontdeldiable\/wp-json\/wp\/v2\/categories?post=1977"},{"taxonomy":"post_tag","embeddable":true,"href":"https:\/\/agora.xtec.cat\/inspontdeldiable\/wp-json\/wp\/v2\/tags?post=1977"}],"curies":[{"name":"wp","href":"https:\/\/api.w.org\/{rel}","templated":true}]}}