{"id":1970,"date":"2022-04-07T14:20:41","date_gmt":"2022-04-07T12:20:41","guid":{"rendered":"https:\/\/agora.xtec.cat\/inspontdeldiable\/?p=1970"},"modified":"2022-04-07T14:23:46","modified_gmt":"2022-04-07T12:23:46","slug":"servei-comunitari-4t-deso-curs-2021-2022","status":"publish","type":"post","link":"https:\/\/agora.xtec.cat\/inspontdeldiable\/general\/servei-comunitari-4t-deso-curs-2021-2022\/","title":{"rendered":"SERVEI COMUNITARI 4t D&#8217;ESO CURS 2021-2022"},"content":{"rendered":"<p>El nostre alumnat ha iniciat aquesta setmana el Servei Comunitari, \u00e9s un projecte de voluntariat en col\u00b7laboraci\u00f3 amb C\u00e0ritas. Trobareu tots els dimecres parelles d&#8217;alumnes fent recollida de productes d&#8217;higiene personal i neteja de la llar a les botigues del barri: BONPREU, SPAR i CLAREL, de les 16.30 a les 18.30 aproximadament. Tots els productes recollits es queden \u00edntegrament a l&#8217;oficina de C\u00e0ritas que hi ha a l&#8217;esgl\u00e9sia del barri per distribuir-los a persones i fam\u00edlies del nostre entorn.<\/p>\n<p>Els nostres alumnes us esperen!!!<\/p>\n<p>Molt bona feina noies i nois!!!<\/p>\n<p>Clica <a href=\"https:\/\/photos.app.goo.gl\/XLcUHUmRRKhgrUiH8\">aqu\u00ed<\/a> per veure totes les imatges del voluntariat.<\/p>\n","protected":false},"excerpt":{"rendered":"<p>El nostre alumnat ha iniciat aquesta setmana el Servei Comunitari, \u00e9s un projecte de voluntariat en col\u00b7laboraci\u00f3 amb C\u00e0ritas. Trobareu tots els dimecres parelles d&#8217;alumnes fent recollida de productes d&#8217;higiene personal i neteja de la llar a les botigues del barri: BONPREU, SPAR i CLAREL,&hellip;  <a href=\"https:\/\/agora.xtec.cat\/inspontdeldiable\/general\/servei-comunitari-4t-deso-curs-2021-2022\/\" title=\"Read SERVEI COMUNITARI 4t D&#8217;ESO CURS 2021-2022\">Llegeix m\u00e9s\u00bb<\/a><\/p>\n","protected":false},"author":1,"featured_media":1975,"comment_status":"open","ping_status":"closed","sticky":false,"template":"","format":"standard","meta":{"_bbp_topic_count":0,"_bbp_reply_count":0,"_bbp_total_topic_count":0,"_bbp_total_reply_count":0,"_bbp_voice_count":0,"_bbp_anonymous_reply_count":0,"_bbp_topic_count_hidden":0,"_bbp_reply_count_hidden":0,"_bbp_forum_subforum_count":0,"footnotes":""},"categories":[7,1,29],"tags":[133,134],"class_list":["post-1970","post","type-post","status-publish","format-standard","has-post-thumbnail","hentry","category-eso-4","category-general","category-portada","tag-4-eso","tag-servei-comunitari"],"post_mailing_queue_ids":[],"_links":{"self":[{"href":"https:\/\/agora.xtec.cat\/inspontdeldiable\/wp-json\/wp\/v2\/posts\/1970","targetHints":{"allow":["GET"]}}],"collection":[{"href":"https:\/\/agora.xtec.cat\/inspontdeldiable\/wp-json\/wp\/v2\/posts"}],"about":[{"href":"https:\/\/agora.xtec.cat\/inspontdeldiable\/wp-json\/wp\/v2\/types\/post"}],"author":[{"embeddable":true,"href":"https:\/\/agora.xtec.cat\/inspontdeldiable\/wp-json\/wp\/v2\/users\/1"}],"replies":[{"embeddable":true,"href":"https:\/\/agora.xtec.cat\/inspontdeldiable\/wp-json\/wp\/v2\/comments?post=1970"}],"version-history":[{"count":2,"href":"https:\/\/agora.xtec.cat\/inspontdeldiable\/wp-json\/wp\/v2\/posts\/1970\/revisions"}],"predecessor-version":[{"id":1973,"href":"https:\/\/agora.xtec.cat\/inspontdeldiable\/wp-json\/wp\/v2\/posts\/1970\/revisions\/1973"}],"wp:featuredmedia":[{"embeddable":true,"href":"https:\/\/agora.xtec.cat\/inspontdeldiable\/wp-json\/wp\/v2\/media\/1975"}],"wp:attachment":[{"href":"https:\/\/agora.xtec.cat\/inspontdeldiable\/wp-json\/wp\/v2\/media?parent=1970"}],"wp:term":[{"taxonomy":"category","embeddable":true,"href":"https:\/\/agora.xtec.cat\/inspontdeldiable\/wp-json\/wp\/v2\/categories?post=1970"},{"taxonomy":"post_tag","embeddable":true,"href":"https:\/\/agora.xtec.cat\/inspontdeldiable\/wp-json\/wp\/v2\/tags?post=1970"}],"curies":[{"name":"wp","href":"https:\/\/api.w.org\/{rel}","templated":true}]}}