{"id":1961,"date":"2022-03-30T14:21:09","date_gmt":"2022-03-30T12:21:09","guid":{"rendered":"https:\/\/agora.xtec.cat\/inspontdeldiable\/?p=1961"},"modified":"2022-03-30T14:24:23","modified_gmt":"2022-03-30T12:24:23","slug":"el-mon-de-la-cel%c2%b7lula","status":"publish","type":"post","link":"https:\/\/agora.xtec.cat\/inspontdeldiable\/general\/el-mon-de-la-cel%c2%b7lula\/","title":{"rendered":"EL M\u00d3N DE LA C\u00c8L\u00b7LULA"},"content":{"rendered":"<p>El passat 22, 23 i 28 de mar\u00e7 el nostre alumnat de 1r C, 1r A i 1r B respectivament, van assistir\u00a0al taller EL M\u00d3N DE LA C\u00c8L\u00b7LULA (Caixaforum\u00a0Tarragona) on van poder fer preparacions senzilles i tamb\u00e9 van poder observar al microscopi \u00f2ptic diferents tipus de c\u00e8l\u00b7lules i descobrir com s\u00f3n.<\/p>\n<p>Clica sobre la imatge per veure les fotos de la sortida.<\/p>\n<p><a href=\"https:\/\/photos.app.goo.gl\/wqWhyYUzZwikHfTF6\"><img loading=\"lazy\" decoding=\"async\" class=\"alignnone size-large wp-image-1962\" src=\"https:\/\/agora.xtec.cat\/inspontdeldiable\/wp-content\/uploads\/usu2039\/2022\/03\/EL-MON-DE-LA-CEL\u00b7LULA1-1024x768.jpg\" alt=\"\" width=\"1024\" height=\"768\" srcset=\"https:\/\/agora.xtec.cat\/inspontdeldiable\/wp-content\/uploads\/usu2039\/2022\/03\/EL-MON-DE-LA-CEL\u00b7LULA1-1024x768.jpg 1024w, https:\/\/agora.xtec.cat\/inspontdeldiable\/wp-content\/uploads\/usu2039\/2022\/03\/EL-MON-DE-LA-CEL\u00b7LULA1-300x225.jpg 300w, https:\/\/agora.xtec.cat\/inspontdeldiable\/wp-content\/uploads\/usu2039\/2022\/03\/EL-MON-DE-LA-CEL\u00b7LULA1-768x576.jpg 768w, https:\/\/agora.xtec.cat\/inspontdeldiable\/wp-content\/uploads\/usu2039\/2022\/03\/EL-MON-DE-LA-CEL\u00b7LULA1-1536x1152.jpg 1536w, https:\/\/agora.xtec.cat\/inspontdeldiable\/wp-content\/uploads\/usu2039\/2022\/03\/EL-MON-DE-LA-CEL\u00b7LULA1-2048x1536.jpg 2048w, https:\/\/agora.xtec.cat\/inspontdeldiable\/wp-content\/uploads\/usu2039\/2022\/03\/EL-MON-DE-LA-CEL\u00b7LULA1-200x150.jpg 200w\" sizes=\"auto, (max-width: 1024px) 100vw, 1024px\" \/><\/a><\/p>\n","protected":false},"excerpt":{"rendered":"<p>El passat 22, 23 i 28 de mar\u00e7 el nostre alumnat de 1r C, 1r A i 1r B respectivament, van assistir\u00a0al taller EL M\u00d3N DE LA C\u00c8L\u00b7LULA (Caixaforum\u00a0Tarragona) on van poder fer preparacions senzilles i tamb\u00e9 van poder observar al microscopi \u00f2ptic diferents tipus&hellip;  <a href=\"https:\/\/agora.xtec.cat\/inspontdeldiable\/general\/el-mon-de-la-cel%c2%b7lula\/\" title=\"Read EL M\u00d3N DE LA C\u00c8L\u00b7LULA\">Llegeix m\u00e9s\u00bb<\/a><\/p>\n","protected":false},"author":1,"featured_media":1963,"comment_status":"open","ping_status":"closed","sticky":false,"template":"","format":"standard","meta":{"_bbp_topic_count":0,"_bbp_reply_count":0,"_bbp_total_topic_count":0,"_bbp_total_reply_count":0,"_bbp_voice_count":0,"_bbp_anonymous_reply_count":0,"_bbp_topic_count_hidden":0,"_bbp_reply_count_hidden":0,"_bbp_forum_subforum_count":0,"footnotes":""},"categories":[4,1,29],"tags":[159,156,111,39],"class_list":["post-1961","post","type-post","status-publish","format-standard","has-post-thumbnail","hentry","category-eso-1","category-general","category-portada","tag-1eso","tag-caixaforum","tag-ciencia","tag-sortides"],"post_mailing_queue_ids":[],"_links":{"self":[{"href":"https:\/\/agora.xtec.cat\/inspontdeldiable\/wp-json\/wp\/v2\/posts\/1961","targetHints":{"allow":["GET"]}}],"collection":[{"href":"https:\/\/agora.xtec.cat\/inspontdeldiable\/wp-json\/wp\/v2\/posts"}],"about":[{"href":"https:\/\/agora.xtec.cat\/inspontdeldiable\/wp-json\/wp\/v2\/types\/post"}],"author":[{"embeddable":true,"href":"https:\/\/agora.xtec.cat\/inspontdeldiable\/wp-json\/wp\/v2\/users\/1"}],"replies":[{"embeddable":true,"href":"https:\/\/agora.xtec.cat\/inspontdeldiable\/wp-json\/wp\/v2\/comments?post=1961"}],"version-history":[{"count":1,"href":"https:\/\/agora.xtec.cat\/inspontdeldiable\/wp-json\/wp\/v2\/posts\/1961\/revisions"}],"predecessor-version":[{"id":1965,"href":"https:\/\/agora.xtec.cat\/inspontdeldiable\/wp-json\/wp\/v2\/posts\/1961\/revisions\/1965"}],"wp:featuredmedia":[{"embeddable":true,"href":"https:\/\/agora.xtec.cat\/inspontdeldiable\/wp-json\/wp\/v2\/media\/1963"}],"wp:attachment":[{"href":"https:\/\/agora.xtec.cat\/inspontdeldiable\/wp-json\/wp\/v2\/media?parent=1961"}],"wp:term":[{"taxonomy":"category","embeddable":true,"href":"https:\/\/agora.xtec.cat\/inspontdeldiable\/wp-json\/wp\/v2\/categories?post=1961"},{"taxonomy":"post_tag","embeddable":true,"href":"https:\/\/agora.xtec.cat\/inspontdeldiable\/wp-json\/wp\/v2\/tags?post=1961"}],"curies":[{"name":"wp","href":"https:\/\/api.w.org\/{rel}","templated":true}]}}