{"id":1956,"date":"2023-03-29T09:05:31","date_gmt":"2023-03-29T07:05:31","guid":{"rendered":"https:\/\/agora.xtec.cat\/inspontdeldiable\/?p=1956"},"modified":"2023-06-01T14:13:41","modified_gmt":"2023-06-01T12:13:41","slug":"beques-per-ensenyaments-postobligatoris-no-universitaris","status":"publish","type":"post","link":"https:\/\/agora.xtec.cat\/inspontdeldiable\/cicles-formatius\/cai\/beques-per-ensenyaments-postobligatoris-no-universitaris\/","title":{"rendered":"BEQUES PER ENSENYAMENTS POSTOBLIGATORIS NO UNIVERSITARIS"},"content":{"rendered":"<h3>Convocat\u00f2ria beques i ajuts MEC curs 2023-2024<\/h3>\n<p>Ha estat publicada la<a href=\"https:\/\/educacio.gencat.cat\/web\/shared\/OVT\/Departaments\/ENS\/TramitOVT\/beques-ministeri\/postobligatoris\/convocatoria-boe-postobligatoris.pdf\"> Resoluci\u00f3 de 15 de mar\u00e7 de 2023<\/a>, de la Secretaria d\u2019Estat d\u2019Educaci\u00f3, per la qual es convoquen beques de car\u00e0cter general per al curs acad\u00e8mic 2023-2024.<\/p>\n<p style=\"font-weight: 400;\">Termini de presentaci\u00f3:\u00a0<strong>del 27 de mar\u00e7 al 17 de maig de 2023, ambd\u00f3s inclosos<\/strong>.<\/p>\n<p style=\"font-weight: 400;\">La sol\u00b7licitud de la beca s&#8217;ha de fer a trav\u00e9s de la seu electr\u00f2nica del Ministeri d&#8217;Educaci\u00f3 i Formaci\u00f3 Professional.<\/p>\n<p style=\"font-weight: 400;\">Trobareu m\u00e9s informaci\u00f3 en el seg\u00fcent enlla\u00e7:<\/p>\n<p style=\"font-weight: 400;\"><a href=\"https:\/\/educacio.gencat.cat\/ca\/tramits\/tramits-temes\/247-beques-ministerio-postobligatoris?category=7449fd1c-a82c-11e3-a972-000c29052e2c&amp;moda=1\" data-saferedirecturl=\"https:\/\/www.google.com\/url?q=https:\/\/educacio.gencat.cat\/ca\/tramits\/tramits-temes\/247-beques-ministerio-postobligatoris?category%3D7449fd1c-a82c-11e3-a972-000c29052e2c%26moda%3D1&amp;source=gmail&amp;ust=1680161592816000&amp;usg=AOvVaw17W2p2a-aS7zT5hti4_ws5\">https:\/\/educacio.gencat.cat\/ca\/tramits\/tramits-temes\/247-beques-ministerio-postobligatoris?category=7449fd1c-a82c-11e3-a972-000c29052e2c&amp;moda=1<\/a><\/p>\n<p style=\"font-weight: 400;\">O en la p\u00e0gina del Ministerio de Educaci\u00f3n y Formaci\u00f3n Profesional<\/p>\n<p style=\"font-weight: 400;\"><a href=\"https:\/\/www.becaseducacion.gob.es\/portada.html\" data-saferedirecturl=\"https:\/\/www.google.com\/url?q=https:\/\/www.becaseducacion.gob.es\/portada.html&amp;source=gmail&amp;ust=1680161592816000&amp;usg=AOvVaw0ViExwroJFIWg0giQZ3yfi\">https:\/\/www.becaseducacion.gob.es\/portada.html<\/a><\/p>\n<p><img loading=\"lazy\" decoding=\"async\" class=\"alignnone size-full wp-image-2227\" src=\"https:\/\/agora.xtec.cat\/inspontdeldiable\/wp-content\/uploads\/usu2039\/2022\/03\/beques2.png_223078711.png\" alt=\"\" width=\"832\" height=\"468\" srcset=\"https:\/\/agora.xtec.cat\/inspontdeldiable\/wp-content\/uploads\/usu2039\/2022\/03\/beques2.png_223078711.png 832w, https:\/\/agora.xtec.cat\/inspontdeldiable\/wp-content\/uploads\/usu2039\/2022\/03\/beques2.png_223078711-300x169.png 300w, https:\/\/agora.xtec.cat\/inspontdeldiable\/wp-content\/uploads\/usu2039\/2022\/03\/beques2.png_223078711-768x432.png 768w\" sizes=\"auto, (max-width: 832px) 100vw, 832px\" \/><\/p>\n<p><img loading=\"lazy\" decoding=\"async\" class=\"alignnone size-full wp-image-2228\" src=\"https:\/\/agora.xtec.cat\/inspontdeldiable\/wp-content\/uploads\/usu2039\/2022\/03\/beques3.png_223078711.png\" alt=\"\" width=\"832\" height=\"468\" srcset=\"https:\/\/agora.xtec.cat\/inspontdeldiable\/wp-content\/uploads\/usu2039\/2022\/03\/beques3.png_223078711.png 832w, https:\/\/agora.xtec.cat\/inspontdeldiable\/wp-content\/uploads\/usu2039\/2022\/03\/beques3.png_223078711-300x169.png 300w, https:\/\/agora.xtec.cat\/inspontdeldiable\/wp-content\/uploads\/usu2039\/2022\/03\/beques3.png_223078711-768x432.png 768w\" sizes=\"auto, (max-width: 832px) 100vw, 832px\" \/><\/p>\n","protected":false},"excerpt":{"rendered":"<p>Convocat\u00f2ria beques i ajuts MEC curs 2023-2024<br \/>\nHa estat publicada la<a href=\"https:\/\/educacio.gencat.cat\/web\/shared\/OVT\/Departaments\/ENS\/TramitOVT\/beques-ministeri\/postobligatoris\/convocatoria-boe-postobligatoris.pdf\"> Resoluci\u00f3 de 15 de mar\u00e7 de 2023<\/a>, de la Secretaria d\u2019Estat d\u2019Educaci\u00f3, per la qual es convoquen beques de car\u00e0cter general per al curs acad\u00e8mic 2023-2024.<br \/>\nTermini de presentaci\u00f3:\u00a0del 27 de mar\u00e7 al 17 de&hellip;  <a href=\"https:\/\/agora.xtec.cat\/inspontdeldiable\/cicles-formatius\/cai\/beques-per-ensenyaments-postobligatoris-no-universitaris\/\" title=\"Read BEQUES PER ENSENYAMENTS POSTOBLIGATORIS NO UNIVERSITARIS\">Llegeix m\u00e9s\u00bb<\/a><\/p>\n","protected":false},"author":1,"featured_media":2226,"comment_status":"open","ping_status":"closed","sticky":false,"template":"","format":"standard","meta":{"_bbp_topic_count":0,"_bbp_reply_count":0,"_bbp_total_topic_count":0,"_bbp_total_reply_count":0,"_bbp_voice_count":0,"_bbp_anonymous_reply_count":0,"_bbp_topic_count_hidden":0,"_bbp_reply_count_hidden":0,"_bbp_forum_subforum_count":0,"footnotes":""},"categories":[8,30,29,104],"tags":[158,157,115],"class_list":["post-1956","post","type-post","status-publish","format-standard","has-post-thumbnail","hentry","category-cai","category-cicles-formatius","category-portada","category-tapsd","tag-batxillerat","tag-beques","tag-cicles-formatius"],"post_mailing_queue_ids":[],"_links":{"self":[{"href":"https:\/\/agora.xtec.cat\/inspontdeldiable\/wp-json\/wp\/v2\/posts\/1956","targetHints":{"allow":["GET"]}}],"collection":[{"href":"https:\/\/agora.xtec.cat\/inspontdeldiable\/wp-json\/wp\/v2\/posts"}],"about":[{"href":"https:\/\/agora.xtec.cat\/inspontdeldiable\/wp-json\/wp\/v2\/types\/post"}],"author":[{"embeddable":true,"href":"https:\/\/agora.xtec.cat\/inspontdeldiable\/wp-json\/wp\/v2\/users\/1"}],"replies":[{"embeddable":true,"href":"https:\/\/agora.xtec.cat\/inspontdeldiable\/wp-json\/wp\/v2\/comments?post=1956"}],"version-history":[{"count":3,"href":"https:\/\/agora.xtec.cat\/inspontdeldiable\/wp-json\/wp\/v2\/posts\/1956\/revisions"}],"predecessor-version":[{"id":2230,"href":"https:\/\/agora.xtec.cat\/inspontdeldiable\/wp-json\/wp\/v2\/posts\/1956\/revisions\/2230"}],"wp:featuredmedia":[{"embeddable":true,"href":"https:\/\/agora.xtec.cat\/inspontdeldiable\/wp-json\/wp\/v2\/media\/2226"}],"wp:attachment":[{"href":"https:\/\/agora.xtec.cat\/inspontdeldiable\/wp-json\/wp\/v2\/media?parent=1956"}],"wp:term":[{"taxonomy":"category","embeddable":true,"href":"https:\/\/agora.xtec.cat\/inspontdeldiable\/wp-json\/wp\/v2\/categories?post=1956"},{"taxonomy":"post_tag","embeddable":true,"href":"https:\/\/agora.xtec.cat\/inspontdeldiable\/wp-json\/wp\/v2\/tags?post=1956"}],"curies":[{"name":"wp","href":"https:\/\/api.w.org\/{rel}","templated":true}]}}