{"id":1937,"date":"2022-03-11T14:31:17","date_gmt":"2022-03-11T13:31:17","guid":{"rendered":"https:\/\/agora.xtec.cat\/inspontdeldiable\/?p=1937"},"modified":"2022-03-11T14:31:17","modified_gmt":"2022-03-11T13:31:17","slug":"lhort-de-laula-oberta","status":"publish","type":"post","link":"https:\/\/agora.xtec.cat\/inspontdeldiable\/eso\/eso-3\/lhort-de-laula-oberta\/","title":{"rendered":"L&#8217;HORT DE L&#8217;AULA OBERTA"},"content":{"rendered":"<p>L&#8217;hort \u00e9s un espai m\u00e9s de l&#8217;institut. Despr\u00e9s del treball constant de l&#8217;alumnat de l&#8217;aula oberta, l&#8217;hort fa m\u00e9s goig que mai!!<\/p>\n<p>A m\u00e9s a m\u00e9s, ens ajuda a introduir conceptes tan importants com la sostenibilitat, la biodiversitat i a fomentar h\u00e0bits i actituds que contribueixen a la conservaci\u00f3 i millora del medi ambient.<\/p>\n<p>Durant aquests mesos tota la feina realitzada donar\u00e0 els seus fruits, i aviat l&#8217;alumnat de l&#8217;aula oberta ja podr\u00e0 comen\u00e7ar a recollir tot all\u00f2 que ha sembrat.<\/p>\n<p><img loading=\"lazy\" decoding=\"async\" class=\"alignnone size-full wp-image-1938\" src=\"https:\/\/agora.xtec.cat\/inspontdeldiable\/wp-content\/uploads\/usu2039\/2022\/03\/20220311_141131.jpg\" alt=\"\" width=\"925\" height=\"417\" srcset=\"https:\/\/agora.xtec.cat\/inspontdeldiable\/wp-content\/uploads\/usu2039\/2022\/03\/20220311_141131.jpg 925w, https:\/\/agora.xtec.cat\/inspontdeldiable\/wp-content\/uploads\/usu2039\/2022\/03\/20220311_141131-300x135.jpg 300w, https:\/\/agora.xtec.cat\/inspontdeldiable\/wp-content\/uploads\/usu2039\/2022\/03\/20220311_141131-768x346.jpg 768w\" sizes=\"auto, (max-width: 925px) 100vw, 925px\" \/><\/p>\n<p><img loading=\"lazy\" decoding=\"async\" class=\"alignnone size-full wp-image-1939\" src=\"https:\/\/agora.xtec.cat\/inspontdeldiable\/wp-content\/uploads\/usu2039\/2022\/03\/20220311_141202.jpg\" alt=\"\" width=\"800\" height=\"360\" srcset=\"https:\/\/agora.xtec.cat\/inspontdeldiable\/wp-content\/uploads\/usu2039\/2022\/03\/20220311_141202.jpg 800w, https:\/\/agora.xtec.cat\/inspontdeldiable\/wp-content\/uploads\/usu2039\/2022\/03\/20220311_141202-300x135.jpg 300w, https:\/\/agora.xtec.cat\/inspontdeldiable\/wp-content\/uploads\/usu2039\/2022\/03\/20220311_141202-768x346.jpg 768w\" sizes=\"auto, (max-width: 800px) 100vw, 800px\" \/><\/p>\n","protected":false},"excerpt":{"rendered":"<p>L&#8217;hort \u00e9s un espai m\u00e9s de l&#8217;institut. Despr\u00e9s del treball constant de l&#8217;alumnat de l&#8217;aula oberta, l&#8217;hort fa m\u00e9s goig que mai!!<br \/>\nA m\u00e9s a m\u00e9s, ens ajuda a introduir conceptes tan importants com la sostenibilitat, la biodiversitat i a fomentar h\u00e0bits i actituds que contribueixen&hellip;  <a href=\"https:\/\/agora.xtec.cat\/inspontdeldiable\/eso\/eso-3\/lhort-de-laula-oberta\/\" title=\"Read L&#8217;HORT DE L&#8217;AULA OBERTA\">Llegeix m\u00e9s\u00bb<\/a><\/p>\n","protected":false},"author":1,"featured_media":1940,"comment_status":"open","ping_status":"closed","sticky":false,"template":"","format":"standard","meta":{"_bbp_topic_count":0,"_bbp_reply_count":0,"_bbp_total_topic_count":0,"_bbp_total_reply_count":0,"_bbp_voice_count":0,"_bbp_anonymous_reply_count":0,"_bbp_topic_count_hidden":0,"_bbp_reply_count_hidden":0,"_bbp_forum_subforum_count":0,"footnotes":""},"categories":[6,7,29],"tags":[137,142],"class_list":["post-1937","post","type-post","status-publish","format-standard","has-post-thumbnail","hentry","category-eso-3","category-eso-4","category-portada","tag-aula-oberta","tag-hort"],"post_mailing_queue_ids":[],"_links":{"self":[{"href":"https:\/\/agora.xtec.cat\/inspontdeldiable\/wp-json\/wp\/v2\/posts\/1937","targetHints":{"allow":["GET"]}}],"collection":[{"href":"https:\/\/agora.xtec.cat\/inspontdeldiable\/wp-json\/wp\/v2\/posts"}],"about":[{"href":"https:\/\/agora.xtec.cat\/inspontdeldiable\/wp-json\/wp\/v2\/types\/post"}],"author":[{"embeddable":true,"href":"https:\/\/agora.xtec.cat\/inspontdeldiable\/wp-json\/wp\/v2\/users\/1"}],"replies":[{"embeddable":true,"href":"https:\/\/agora.xtec.cat\/inspontdeldiable\/wp-json\/wp\/v2\/comments?post=1937"}],"version-history":[{"count":1,"href":"https:\/\/agora.xtec.cat\/inspontdeldiable\/wp-json\/wp\/v2\/posts\/1937\/revisions"}],"predecessor-version":[{"id":1941,"href":"https:\/\/agora.xtec.cat\/inspontdeldiable\/wp-json\/wp\/v2\/posts\/1937\/revisions\/1941"}],"wp:featuredmedia":[{"embeddable":true,"href":"https:\/\/agora.xtec.cat\/inspontdeldiable\/wp-json\/wp\/v2\/media\/1940"}],"wp:attachment":[{"href":"https:\/\/agora.xtec.cat\/inspontdeldiable\/wp-json\/wp\/v2\/media?parent=1937"}],"wp:term":[{"taxonomy":"category","embeddable":true,"href":"https:\/\/agora.xtec.cat\/inspontdeldiable\/wp-json\/wp\/v2\/categories?post=1937"},{"taxonomy":"post_tag","embeddable":true,"href":"https:\/\/agora.xtec.cat\/inspontdeldiable\/wp-json\/wp\/v2\/tags?post=1937"}],"curies":[{"name":"wp","href":"https:\/\/api.w.org\/{rel}","templated":true}]}}