{"id":1928,"date":"2022-03-04T12:16:29","date_gmt":"2022-03-04T11:16:29","guid":{"rendered":"https:\/\/agora.xtec.cat\/inspontdeldiable\/?p=1928"},"modified":"2022-03-04T12:16:29","modified_gmt":"2022-03-04T11:16:29","slug":"xerrada-de-la-residencia-sant-salvador","status":"publish","type":"post","link":"https:\/\/agora.xtec.cat\/inspontdeldiable\/portada\/xerrada-de-la-residencia-sant-salvador\/","title":{"rendered":"XERRADA DE LA RESID\u00c8NCIA SANT SALVADOR"},"content":{"rendered":"<div dir=\"ltr\">El passat 2 de mar\u00e7 l&#8217;alumnat\u00a0de primer i segon d&#8217;APSD van poder gaudir d&#8217;una xerrada per part d&#8217;Estefania Guirado, integradora Social de la Resid\u00e8ncia de Grans Discapacitats F\u00cdsics de Sant Salvador i Laura Moya, la seva directora.<\/div>\n<div dir=\"ltr\"><\/div>\n<div dir=\"ltr\">Els alumnes van poder con\u00e8ixer de prop la realitat de la resid\u00e8ncia, el seu funcionament, usuaris i serveis, aix\u00ed con la seva metodologia de treball basat en l&#8217;ACP, \u00e9s a dir, l&#8217;<i>atenci\u00f3 centrada en la persona<\/i>.<\/div>\n","protected":false},"excerpt":{"rendered":"<p>El passat 2 de mar\u00e7 l&#8217;alumnat\u00a0de primer i segon d&#8217;APSD van poder gaudir d&#8217;una xerrada per part d&#8217;Estefania Guirado, integradora Social de la Resid\u00e8ncia de Grans Discapacitats F\u00cdsics de Sant Salvador i Laura Moya, la seva directora.<\/p>\n<p>Els alumnes van poder con\u00e8ixer de prop la realitat&hellip;  <a href=\"https:\/\/agora.xtec.cat\/inspontdeldiable\/portada\/xerrada-de-la-residencia-sant-salvador\/\" title=\"Read XERRADA DE LA RESID\u00c8NCIA SANT SALVADOR\">Llegeix m\u00e9s\u00bb<\/a><\/p>\n","protected":false},"author":1,"featured_media":1929,"comment_status":"open","ping_status":"closed","sticky":false,"template":"","format":"standard","meta":{"_bbp_topic_count":0,"_bbp_reply_count":0,"_bbp_total_topic_count":0,"_bbp_total_reply_count":0,"_bbp_voice_count":0,"_bbp_anonymous_reply_count":0,"_bbp_topic_count_hidden":0,"_bbp_reply_count_hidden":0,"_bbp_forum_subforum_count":0,"footnotes":""},"categories":[30,29,104],"tags":[144,115,155],"class_list":["post-1928","post","type-post","status-publish","format-standard","has-post-thumbnail","hentry","category-cicles-formatius","category-portada","category-tapsd","tag-apsd","tag-cicles-formatius","tag-xerrada"],"post_mailing_queue_ids":[],"_links":{"self":[{"href":"https:\/\/agora.xtec.cat\/inspontdeldiable\/wp-json\/wp\/v2\/posts\/1928","targetHints":{"allow":["GET"]}}],"collection":[{"href":"https:\/\/agora.xtec.cat\/inspontdeldiable\/wp-json\/wp\/v2\/posts"}],"about":[{"href":"https:\/\/agora.xtec.cat\/inspontdeldiable\/wp-json\/wp\/v2\/types\/post"}],"author":[{"embeddable":true,"href":"https:\/\/agora.xtec.cat\/inspontdeldiable\/wp-json\/wp\/v2\/users\/1"}],"replies":[{"embeddable":true,"href":"https:\/\/agora.xtec.cat\/inspontdeldiable\/wp-json\/wp\/v2\/comments?post=1928"}],"version-history":[{"count":1,"href":"https:\/\/agora.xtec.cat\/inspontdeldiable\/wp-json\/wp\/v2\/posts\/1928\/revisions"}],"predecessor-version":[{"id":1930,"href":"https:\/\/agora.xtec.cat\/inspontdeldiable\/wp-json\/wp\/v2\/posts\/1928\/revisions\/1930"}],"wp:featuredmedia":[{"embeddable":true,"href":"https:\/\/agora.xtec.cat\/inspontdeldiable\/wp-json\/wp\/v2\/media\/1929"}],"wp:attachment":[{"href":"https:\/\/agora.xtec.cat\/inspontdeldiable\/wp-json\/wp\/v2\/media?parent=1928"}],"wp:term":[{"taxonomy":"category","embeddable":true,"href":"https:\/\/agora.xtec.cat\/inspontdeldiable\/wp-json\/wp\/v2\/categories?post=1928"},{"taxonomy":"post_tag","embeddable":true,"href":"https:\/\/agora.xtec.cat\/inspontdeldiable\/wp-json\/wp\/v2\/tags?post=1928"}],"curies":[{"name":"wp","href":"https:\/\/api.w.org\/{rel}","templated":true}]}}