{"id":1916,"date":"2022-02-25T14:43:15","date_gmt":"2022-02-25T13:43:15","guid":{"rendered":"https:\/\/agora.xtec.cat\/inspontdeldiable\/?p=1916"},"modified":"2022-03-03T19:15:55","modified_gmt":"2022-03-03T18:15:55","slug":"taller-deducaio-vial","status":"publish","type":"post","link":"https:\/\/agora.xtec.cat\/inspontdeldiable\/eso\/eso-2\/taller-deducaio-vial\/","title":{"rendered":"TALLER D&#8217;EDUCACI\u00d3 VIAL"},"content":{"rendered":"<p>El 23 de febrer l&#8217;alumnat de 2n d&#8217;ESO ha participat en el taller sobre EDUCACI\u00d3\u00a0VIAL organitzat per la Gu\u00e0rdia Urbana de l&#8217;Ajuntament de Tarragona, amb l&#8217;objectiu d&#8217;identificar en la mobilitat informacions\u00a0i idees sobre el risc i les seves conseq\u00fc\u00e8ncies, comparant la percepci\u00f3 d&#8217;un mateix amb els est\u00edmuls de l&#8217;entorn i amb la percepci\u00f3 dels altres.<\/p>\n<p>Si clica <a href=\"https:\/\/photos.app.goo.gl\/5B6RJoaEa9fByhW59\">aqu\u00ed<\/a> per veure les imatges<\/p>\n","protected":false},"excerpt":{"rendered":"<p>El 23 de febrer l&#8217;alumnat de 2n d&#8217;ESO ha participat en el taller sobre EDUCACI\u00d3\u00a0VIAL organitzat per la Gu\u00e0rdia Urbana de l&#8217;Ajuntament de Tarragona, amb l&#8217;objectiu d&#8217;identificar en la mobilitat informacions\u00a0i idees sobre el risc i les seves conseq\u00fc\u00e8ncies, comparant la percepci\u00f3 d&#8217;un mateix amb&hellip;  <a href=\"https:\/\/agora.xtec.cat\/inspontdeldiable\/eso\/eso-2\/taller-deducaio-vial\/\" title=\"Read TALLER D&#8217;EDUCACI\u00d3 VIAL\">Llegeix m\u00e9s\u00bb<\/a><\/p>\n","protected":false},"author":1,"featured_media":1917,"comment_status":"open","ping_status":"closed","sticky":false,"template":"","format":"standard","meta":{"_bbp_topic_count":0,"_bbp_reply_count":0,"_bbp_total_topic_count":0,"_bbp_total_reply_count":0,"_bbp_voice_count":0,"_bbp_anonymous_reply_count":0,"_bbp_topic_count_hidden":0,"_bbp_reply_count_hidden":0,"_bbp_forum_subforum_count":0,"footnotes":""},"categories":[5,29],"tags":[123,154,153],"class_list":["post-1916","post","type-post","status-publish","format-standard","has-post-thumbnail","hentry","category-eso-2","category-portada","tag-2-eso","tag-educacio-vial","tag-taller"],"post_mailing_queue_ids":[],"_links":{"self":[{"href":"https:\/\/agora.xtec.cat\/inspontdeldiable\/wp-json\/wp\/v2\/posts\/1916","targetHints":{"allow":["GET"]}}],"collection":[{"href":"https:\/\/agora.xtec.cat\/inspontdeldiable\/wp-json\/wp\/v2\/posts"}],"about":[{"href":"https:\/\/agora.xtec.cat\/inspontdeldiable\/wp-json\/wp\/v2\/types\/post"}],"author":[{"embeddable":true,"href":"https:\/\/agora.xtec.cat\/inspontdeldiable\/wp-json\/wp\/v2\/users\/1"}],"replies":[{"embeddable":true,"href":"https:\/\/agora.xtec.cat\/inspontdeldiable\/wp-json\/wp\/v2\/comments?post=1916"}],"version-history":[{"count":2,"href":"https:\/\/agora.xtec.cat\/inspontdeldiable\/wp-json\/wp\/v2\/posts\/1916\/revisions"}],"predecessor-version":[{"id":1920,"href":"https:\/\/agora.xtec.cat\/inspontdeldiable\/wp-json\/wp\/v2\/posts\/1916\/revisions\/1920"}],"wp:featuredmedia":[{"embeddable":true,"href":"https:\/\/agora.xtec.cat\/inspontdeldiable\/wp-json\/wp\/v2\/media\/1917"}],"wp:attachment":[{"href":"https:\/\/agora.xtec.cat\/inspontdeldiable\/wp-json\/wp\/v2\/media?parent=1916"}],"wp:term":[{"taxonomy":"category","embeddable":true,"href":"https:\/\/agora.xtec.cat\/inspontdeldiable\/wp-json\/wp\/v2\/categories?post=1916"},{"taxonomy":"post_tag","embeddable":true,"href":"https:\/\/agora.xtec.cat\/inspontdeldiable\/wp-json\/wp\/v2\/tags?post=1916"}],"curies":[{"name":"wp","href":"https:\/\/api.w.org\/{rel}","templated":true}]}}