{"id":1830,"date":"2021-09-05T10:23:46","date_gmt":"2021-09-05T08:23:46","guid":{"rendered":"https:\/\/agora.xtec.cat\/inspontdeldiable\/?p=1830"},"modified":"2021-09-05T10:23:46","modified_gmt":"2021-09-05T08:23:46","slug":"carta-consellers-deducacio-i-de-salut","status":"publish","type":"post","link":"https:\/\/agora.xtec.cat\/inspontdeldiable\/general\/carta-consellers-deducacio-i-de-salut\/","title":{"rendered":"CARTA CONSELLERS D&#8217;EDUCACI\u00d3 I DE SALUT"},"content":{"rendered":"<div class=\"text c6\">\n<p>Us adrecem l&#8217;escrit de l&#8217;Hble. Sr. Josep Gonz\u00e0lez-Cambray, conseller d&#8217;Educaci\u00f3, i de l&#8217;Hble. Sr. Josep Maria Argimon, conseller de Salut, en relaci\u00f3 a l&#8217;inici de curs.<\/p>\n<p><a href=\"https:\/\/drive.google.com\/file\/d\/1fzi0GfxAzICWcpcMwNgRJ1APyVAjOlBr\/view?usp=sharing\"><strong>Carta a les fam\u00edlies<\/strong><\/a><\/p>\n<p>Recordeu que la vacunacio\u0301 esta\u0300 oberta de forma conti\u0301nua per a totes les persones a partir de 12 anys.<\/p>\n<\/div>\n","protected":false},"excerpt":{"rendered":"<p>Us adrecem l&#8217;escrit de l&#8217;Hble. Sr. Josep Gonz\u00e0lez-Cambray, conseller d&#8217;Educaci\u00f3, i de l&#8217;Hble. Sr. Josep Maria Argimon, conseller de Salut, en relaci\u00f3 a l&#8217;inici de curs.<br \/>\n<a href=\"https:\/\/drive.google.com\/file\/d\/1fzi0GfxAzICWcpcMwNgRJ1APyVAjOlBr\/view?usp=sharing\">Carta a les fam\u00edlies<\/a><br \/>\nRecordeu que la vacunacio\u0301 esta\u0300 oberta de forma conti\u0301nua per a totes les persones a partir&hellip;  <a href=\"https:\/\/agora.xtec.cat\/inspontdeldiable\/general\/carta-consellers-deducacio-i-de-salut\/\" title=\"Read CARTA CONSELLERS D&#8217;EDUCACI\u00d3 I DE SALUT\">Llegeix m\u00e9s\u00bb<\/a><\/p>\n","protected":false},"author":1,"featured_media":1831,"comment_status":"open","ping_status":"closed","sticky":false,"template":"","format":"standard","meta":{"_bbp_topic_count":0,"_bbp_reply_count":0,"_bbp_total_topic_count":0,"_bbp_total_reply_count":0,"_bbp_voice_count":0,"_bbp_anonymous_reply_count":0,"_bbp_topic_count_hidden":0,"_bbp_reply_count_hidden":0,"_bbp_forum_subforum_count":0,"footnotes":""},"categories":[1,29],"tags":[149,122],"class_list":["post-1830","post","type-post","status-publish","format-standard","has-post-thumbnail","hentry","category-general","category-portada","tag-covid","tag-vacunacio"],"post_mailing_queue_ids":[],"_links":{"self":[{"href":"https:\/\/agora.xtec.cat\/inspontdeldiable\/wp-json\/wp\/v2\/posts\/1830","targetHints":{"allow":["GET"]}}],"collection":[{"href":"https:\/\/agora.xtec.cat\/inspontdeldiable\/wp-json\/wp\/v2\/posts"}],"about":[{"href":"https:\/\/agora.xtec.cat\/inspontdeldiable\/wp-json\/wp\/v2\/types\/post"}],"author":[{"embeddable":true,"href":"https:\/\/agora.xtec.cat\/inspontdeldiable\/wp-json\/wp\/v2\/users\/1"}],"replies":[{"embeddable":true,"href":"https:\/\/agora.xtec.cat\/inspontdeldiable\/wp-json\/wp\/v2\/comments?post=1830"}],"version-history":[{"count":2,"href":"https:\/\/agora.xtec.cat\/inspontdeldiable\/wp-json\/wp\/v2\/posts\/1830\/revisions"}],"predecessor-version":[{"id":1833,"href":"https:\/\/agora.xtec.cat\/inspontdeldiable\/wp-json\/wp\/v2\/posts\/1830\/revisions\/1833"}],"wp:featuredmedia":[{"embeddable":true,"href":"https:\/\/agora.xtec.cat\/inspontdeldiable\/wp-json\/wp\/v2\/media\/1831"}],"wp:attachment":[{"href":"https:\/\/agora.xtec.cat\/inspontdeldiable\/wp-json\/wp\/v2\/media?parent=1830"}],"wp:term":[{"taxonomy":"category","embeddable":true,"href":"https:\/\/agora.xtec.cat\/inspontdeldiable\/wp-json\/wp\/v2\/categories?post=1830"},{"taxonomy":"post_tag","embeddable":true,"href":"https:\/\/agora.xtec.cat\/inspontdeldiable\/wp-json\/wp\/v2\/tags?post=1830"}],"curies":[{"name":"wp","href":"https:\/\/api.w.org\/{rel}","templated":true}]}}