{"id":1827,"date":"2021-09-08T09:10:19","date_gmt":"2021-09-08T07:10:19","guid":{"rendered":"https:\/\/agora.xtec.cat\/inspontdeldiable\/?p=1827"},"modified":"2021-09-08T09:10:17","modified_gmt":"2021-09-08T07:10:17","slug":"segona-fase-dadmissio-a-cicles-formatius","status":"publish","type":"post","link":"https:\/\/agora.xtec.cat\/inspontdeldiable\/portada\/segona-fase-dadmissio-a-cicles-formatius\/","title":{"rendered":"SEGONA FASE D&#8217;ADMISSI\u00d3 A CICLES FORMATIUS"},"content":{"rendered":"<p>Podeu consultar la llista d&#8217;alumnes assignats al centre clicant <a href=\"https:\/\/drive.google.com\/file\/d\/14VVjFdkox0pxoeZ7mC06Fwbrit3-Khws\/view?usp=sharing\">aqu\u00ed<\/a><\/p>\n<p>Les places que quedaven lliures ja estan assignades. No es disposen de places vacants.<\/p>\n<p>Els alumnes assignats poden passar pel centre a formalitzar la matr\u00edcula.<\/p>\n<p>&nbsp;<\/p>\n<p>&nbsp;<\/p>\n<p>SEGONA FASE D&#8217;ADMISSI\u00d3 A CICLES FORMATIUS<\/p>\n<p>Un cop finalitzada la matr\u00edcula i la llista d&#8217;espera, les vacants de l&#8217;Institut Pont del Diable que han quedat les podeu trobar en aquest <a href=\"https:\/\/drive.google.com\/file\/d\/1OPDA-LGycY4b5fBotLfnTgl1UmRJ_U-u\/view?usp=sharing\">enlla\u00e7.<\/a><\/p>\n<p class=\"basic_title col-sm-12 pd-10\"><strong>Quins s\u00f3n els passos a seguir per a la segona fase d&#8217;admissi\u00f3? Quins s\u00f3n els centres amb vacants?<\/strong><\/p>\n<p>Podeu trobar tota la informaci\u00f3 i passos a seguir a: <a href=\"https:\/\/preinscripcio.gencat.cat\/ca\/estudis\/fp-grau-mitja\/preinscriute\/segona-fase-admissio\/\">https:\/\/preinscripcio.gencat.cat\/ca\/estudis\/fp-grau-mitja\/preinscriute\/segona-fase-admissio\/<\/a><\/p>\n","protected":false},"excerpt":{"rendered":"<p>Podeu consultar la llista d&#8217;alumnes assignats al centre clicant <a href=\"https:\/\/drive.google.com\/file\/d\/14VVjFdkox0pxoeZ7mC06Fwbrit3-Khws\/view?usp=sharing\">aqu\u00ed<\/a><br \/>\nLes places que quedaven lliures ja estan assignades. No es disposen de places vacants.<br \/>\nEls alumnes assignats poden passar pel centre a formalitzar la matr\u00edcula.<br \/>\n&nbsp;<br \/>\n&nbsp;<br \/>\nSEGONA FASE D&#8217;ADMISSI\u00d3 A CICLES FORMATIUS<br \/>\nUn cop finalitzada la matr\u00edcula i la&hellip;  <a href=\"https:\/\/agora.xtec.cat\/inspontdeldiable\/portada\/segona-fase-dadmissio-a-cicles-formatius\/\" title=\"Read SEGONA FASE D&#8217;ADMISSI\u00d3 A CICLES FORMATIUS\">Llegeix m\u00e9s\u00bb<\/a><\/p>\n","protected":false},"author":1,"featured_media":1828,"comment_status":"open","ping_status":"closed","sticky":false,"template":"","format":"standard","meta":{"_bbp_topic_count":0,"_bbp_reply_count":0,"_bbp_total_topic_count":0,"_bbp_total_reply_count":0,"_bbp_voice_count":0,"_bbp_anonymous_reply_count":0,"_bbp_topic_count_hidden":0,"_bbp_reply_count_hidden":0,"_bbp_forum_subforum_count":0,"footnotes":""},"categories":[29],"tags":[115,148],"class_list":["post-1827","post","type-post","status-publish","format-standard","has-post-thumbnail","hentry","category-portada","tag-cicles-formatius","tag-preinscripcio"],"post_mailing_queue_ids":[],"_links":{"self":[{"href":"https:\/\/agora.xtec.cat\/inspontdeldiable\/wp-json\/wp\/v2\/posts\/1827","targetHints":{"allow":["GET"]}}],"collection":[{"href":"https:\/\/agora.xtec.cat\/inspontdeldiable\/wp-json\/wp\/v2\/posts"}],"about":[{"href":"https:\/\/agora.xtec.cat\/inspontdeldiable\/wp-json\/wp\/v2\/types\/post"}],"author":[{"embeddable":true,"href":"https:\/\/agora.xtec.cat\/inspontdeldiable\/wp-json\/wp\/v2\/users\/1"}],"replies":[{"embeddable":true,"href":"https:\/\/agora.xtec.cat\/inspontdeldiable\/wp-json\/wp\/v2\/comments?post=1827"}],"version-history":[{"count":3,"href":"https:\/\/agora.xtec.cat\/inspontdeldiable\/wp-json\/wp\/v2\/posts\/1827\/revisions"}],"predecessor-version":[{"id":1835,"href":"https:\/\/agora.xtec.cat\/inspontdeldiable\/wp-json\/wp\/v2\/posts\/1827\/revisions\/1835"}],"wp:featuredmedia":[{"embeddable":true,"href":"https:\/\/agora.xtec.cat\/inspontdeldiable\/wp-json\/wp\/v2\/media\/1828"}],"wp:attachment":[{"href":"https:\/\/agora.xtec.cat\/inspontdeldiable\/wp-json\/wp\/v2\/media?parent=1827"}],"wp:term":[{"taxonomy":"category","embeddable":true,"href":"https:\/\/agora.xtec.cat\/inspontdeldiable\/wp-json\/wp\/v2\/categories?post=1827"},{"taxonomy":"post_tag","embeddable":true,"href":"https:\/\/agora.xtec.cat\/inspontdeldiable\/wp-json\/wp\/v2\/tags?post=1827"}],"curies":[{"name":"wp","href":"https:\/\/api.w.org\/{rel}","templated":true}]}}