{"id":1815,"date":"2021-07-15T09:47:05","date_gmt":"2021-07-15T07:47:05","guid":{"rendered":"https:\/\/agora.xtec.cat\/inspontdeldiable\/?p=1815"},"modified":"2021-10-07T14:07:03","modified_gmt":"2021-10-07T12:07:03","slug":"estades-dimmersio-linguistica-a-tremp","status":"publish","type":"post","link":"https:\/\/agora.xtec.cat\/inspontdeldiable\/general\/estades-dimmersio-linguistica-a-tremp\/","title":{"rendered":"ESTADES D&#8217;IMMERSI\u00d3 LING\u00dc\u00cdSTICA EN LLENGUA ANGLESA A TREMP"},"content":{"rendered":"<p>21 alumnes de l\u2019institut han marxat a les estades d\u2019immersi\u00f3 ling\u00fc\u00edstica en llengua anglesa. Han anat a l\u2019alberg de Tremp durant del 12 al 16 de juliol. Els alumnes realitzaran activitats did\u00e0ctiques i de lleure plenament en angl\u00e8s.<\/p>\n<p>La immersi\u00f3 ling\u00fc\u00edstica converteix l\u2019estada en un marc idoni per integrar-se en un entorn el m\u00e9s semblant possible al pa\u00eds originari de la llengua en q\u00fcesti\u00f3 buscant una millor comprensi\u00f3 oral de la llengua. L\u2019alberg de Tremp t\u00e9 com a centre d\u2019inter\u00e8s de l\u2019estada l\u2019art. \u00a0Es treballar\u00e0 tot all\u00f2 relacionat amb el m\u00f3n art\u00edstic, des de la vessant m\u00e9s l\u00fadica, fins arribar al contingut m\u00e9s de fons.<\/p>\n<p>L\u2019estada est\u00e0 finan\u00e7ada a trav\u00e9s del Fons Social Europeu que gestiona el Ministeri d\u2019Educaci\u00f3 i Formaci\u00f3 Professional mitjan\u00e7ant el Programa d\u2019Orientaci\u00f3 i Refor\u00e7 per a l\u2019impuls i el suport a l\u2019educaci\u00f3. Estan organitzades pel Departament d\u2019Educaci\u00f3 de la Generalitat de Catalunya a trav\u00e9s de l\u2019Ag\u00e8ncia Catalana de la Joventut i es duen a terme a la Xarxa Jove d\u2019Albergs de Catalunya (XANASCAT).<\/p>\n<p>Que us ho passeu molt b\u00e9! Happy holiday!!!<\/p>\n<p>&nbsp;<\/p>\n<p><img loading=\"lazy\" decoding=\"async\" class=\"alignnone size-full wp-image-1816\" src=\"https:\/\/agora.xtec.cat\/inspontdeldiable\/wp-content\/uploads\/usu2039\/2021\/07\/colonies.jpg\" alt=\"\" width=\"1008\" height=\"756\" srcset=\"https:\/\/agora.xtec.cat\/inspontdeldiable\/wp-content\/uploads\/usu2039\/2021\/07\/colonies.jpg 1008w, https:\/\/agora.xtec.cat\/inspontdeldiable\/wp-content\/uploads\/usu2039\/2021\/07\/colonies-300x225.jpg 300w, https:\/\/agora.xtec.cat\/inspontdeldiable\/wp-content\/uploads\/usu2039\/2021\/07\/colonies-768x576.jpg 768w, https:\/\/agora.xtec.cat\/inspontdeldiable\/wp-content\/uploads\/usu2039\/2021\/07\/colonies-200x150.jpg 200w\" sizes=\"auto, (max-width: 1008px) 100vw, 1008px\" \/><\/p>\n<p>&nbsp;<\/p>\n<p><img loading=\"lazy\" decoding=\"async\" class=\"alignnone size-large wp-image-1843\" src=\"https:\/\/agora.xtec.cat\/inspontdeldiable\/wp-content\/uploads\/usu2039\/2021\/07\/cartell-1024x722.jpg\" alt=\"\" width=\"1024\" height=\"722\" srcset=\"https:\/\/agora.xtec.cat\/inspontdeldiable\/wp-content\/uploads\/usu2039\/2021\/07\/cartell-1024x722.jpg 1024w, https:\/\/agora.xtec.cat\/inspontdeldiable\/wp-content\/uploads\/usu2039\/2021\/07\/cartell-300x211.jpg 300w, https:\/\/agora.xtec.cat\/inspontdeldiable\/wp-content\/uploads\/usu2039\/2021\/07\/cartell-768x541.jpg 768w, https:\/\/agora.xtec.cat\/inspontdeldiable\/wp-content\/uploads\/usu2039\/2021\/07\/cartell.jpg 1287w\" sizes=\"auto, (max-width: 1024px) 100vw, 1024px\" \/><\/p>\n","protected":false},"excerpt":{"rendered":"<p>21 alumnes de l\u2019institut han marxat a les estades d\u2019immersi\u00f3 ling\u00fc\u00edstica en llengua anglesa. Han anat a l\u2019alberg de Tremp durant del 12 al 16 de juliol. Els alumnes realitzaran activitats did\u00e0ctiques i de lleure plenament en angl\u00e8s.<br \/>\nLa immersi\u00f3 ling\u00fc\u00edstica converteix l\u2019estada en un marc&hellip;  <a href=\"https:\/\/agora.xtec.cat\/inspontdeldiable\/general\/estades-dimmersio-linguistica-a-tremp\/\" title=\"Read ESTADES D&#8217;IMMERSI\u00d3 LING\u00dc\u00cdSTICA EN LLENGUA ANGLESA A TREMP\">Llegeix m\u00e9s\u00bb<\/a><\/p>\n","protected":false},"author":1,"featured_media":1843,"comment_status":"open","ping_status":"closed","sticky":false,"template":"","format":"standard","meta":{"_bbp_topic_count":0,"_bbp_reply_count":0,"_bbp_total_topic_count":0,"_bbp_total_reply_count":0,"_bbp_voice_count":0,"_bbp_anonymous_reply_count":0,"_bbp_topic_count_hidden":0,"_bbp_reply_count_hidden":0,"_bbp_forum_subforum_count":0,"footnotes":""},"categories":[3,4,5,1,29],"tags":[136,123,42,39],"class_list":["post-1815","post","type-post","status-publish","format-standard","has-post-thumbnail","hentry","category-eso","category-eso-1","category-eso-2","category-general","category-portada","tag-1-eso","tag-2-eso","tag-angles","tag-sortides"],"post_mailing_queue_ids":[],"_links":{"self":[{"href":"https:\/\/agora.xtec.cat\/inspontdeldiable\/wp-json\/wp\/v2\/posts\/1815","targetHints":{"allow":["GET"]}}],"collection":[{"href":"https:\/\/agora.xtec.cat\/inspontdeldiable\/wp-json\/wp\/v2\/posts"}],"about":[{"href":"https:\/\/agora.xtec.cat\/inspontdeldiable\/wp-json\/wp\/v2\/types\/post"}],"author":[{"embeddable":true,"href":"https:\/\/agora.xtec.cat\/inspontdeldiable\/wp-json\/wp\/v2\/users\/1"}],"replies":[{"embeddable":true,"href":"https:\/\/agora.xtec.cat\/inspontdeldiable\/wp-json\/wp\/v2\/comments?post=1815"}],"version-history":[{"count":3,"href":"https:\/\/agora.xtec.cat\/inspontdeldiable\/wp-json\/wp\/v2\/posts\/1815\/revisions"}],"predecessor-version":[{"id":1844,"href":"https:\/\/agora.xtec.cat\/inspontdeldiable\/wp-json\/wp\/v2\/posts\/1815\/revisions\/1844"}],"wp:featuredmedia":[{"embeddable":true,"href":"https:\/\/agora.xtec.cat\/inspontdeldiable\/wp-json\/wp\/v2\/media\/1843"}],"wp:attachment":[{"href":"https:\/\/agora.xtec.cat\/inspontdeldiable\/wp-json\/wp\/v2\/media?parent=1815"}],"wp:term":[{"taxonomy":"category","embeddable":true,"href":"https:\/\/agora.xtec.cat\/inspontdeldiable\/wp-json\/wp\/v2\/categories?post=1815"},{"taxonomy":"post_tag","embeddable":true,"href":"https:\/\/agora.xtec.cat\/inspontdeldiable\/wp-json\/wp\/v2\/tags?post=1815"}],"curies":[{"name":"wp","href":"https:\/\/api.w.org\/{rel}","templated":true}]}}