{"id":1780,"date":"2021-06-29T14:23:05","date_gmt":"2021-06-29T12:23:05","guid":{"rendered":"https:\/\/agora.xtec.cat\/inspontdeldiable\/?p=1780"},"modified":"2021-06-29T14:25:53","modified_gmt":"2021-06-29T12:25:53","slug":"graduacio-4-eso-promocio-2017-2021","status":"publish","type":"post","link":"https:\/\/agora.xtec.cat\/inspontdeldiable\/general\/graduacio-4-eso-promocio-2017-2021\/","title":{"rendered":"GRADUACI\u00d3 4t ESO PROMOCI\u00d3 2017-2021"},"content":{"rendered":"<p>Divendres 21 de juny vam celebrar la graduaci\u00f3 de l\u2019alumnat de 4t d\u2019ESO. Tot i les restriccions, va ser un acte molt bonic i ple de moments molt emotius.<\/p>\n<p>Tamb\u00e9 es van fer entrega dels premis dels millors alumnes de cada nivell de l&#8217;ESO, els guardonats s\u00f3n:<\/p>\n<p style=\"padding-left: 40px;\">1r d&#8217;ESO: Hafsa Bouayad<\/p>\n<p style=\"padding-left: 40px;\">2n d&#8217;ESO: Macan Traore<\/p>\n<p style=\"padding-left: 40px;\">3r d&#8217;ESO: Wisal El Garni<\/p>\n<p style=\"padding-left: 40px;\">4t d&#8217;ESO: Joseph Nosa<\/p>\n<p>Ara ja formeu part de la fam\u00edlia del Pont del Diable!<\/p>\n<p>Si cliqueu en la imatge podeu veure les fotos de l&#8217;acte.<\/p>\n<p><a href=\"https:\/\/photos.app.goo.gl\/RfrG6jJF3mFqGGD8A\"><img loading=\"lazy\" decoding=\"async\" class=\"alignnone size-large wp-image-1782\" src=\"https:\/\/agora.xtec.cat\/inspontdeldiable\/wp-content\/uploads\/usu2039\/2021\/06\/GRADUACIO2-1024x683.jpg\" alt=\"\" width=\"1024\" height=\"683\" srcset=\"https:\/\/agora.xtec.cat\/inspontdeldiable\/wp-content\/uploads\/usu2039\/2021\/06\/GRADUACIO2-1024x683.jpg 1024w, https:\/\/agora.xtec.cat\/inspontdeldiable\/wp-content\/uploads\/usu2039\/2021\/06\/GRADUACIO2-300x200.jpg 300w, https:\/\/agora.xtec.cat\/inspontdeldiable\/wp-content\/uploads\/usu2039\/2021\/06\/GRADUACIO2-768x512.jpg 768w, https:\/\/agora.xtec.cat\/inspontdeldiable\/wp-content\/uploads\/usu2039\/2021\/06\/GRADUACIO2.jpg 1200w\" sizes=\"auto, (max-width: 1024px) 100vw, 1024px\" \/><\/a><\/p>\n<p>Us desitgem molta sort en la nova etapa!<\/p>\n","protected":false},"excerpt":{"rendered":"<p>Divendres 21 de juny vam celebrar la graduaci\u00f3 de l\u2019alumnat de 4t d\u2019ESO. Tot i les restriccions, va ser un acte molt bonic i ple de moments molt emotius.<br \/>\nTamb\u00e9 es van fer entrega dels premis dels millors alumnes de cada nivell de l&#8217;ESO, els guardonats&hellip;  <a href=\"https:\/\/agora.xtec.cat\/inspontdeldiable\/general\/graduacio-4-eso-promocio-2017-2021\/\" title=\"Read GRADUACI\u00d3 4t ESO PROMOCI\u00d3 2017-2021\">Llegeix m\u00e9s\u00bb<\/a><\/p>\n","protected":false},"author":1,"featured_media":1781,"comment_status":"open","ping_status":"closed","sticky":false,"template":"","format":"standard","meta":{"_bbp_topic_count":0,"_bbp_reply_count":0,"_bbp_total_topic_count":0,"_bbp_total_reply_count":0,"_bbp_voice_count":0,"_bbp_anonymous_reply_count":0,"_bbp_topic_count_hidden":0,"_bbp_reply_count_hidden":0,"_bbp_forum_subforum_count":0,"footnotes":""},"categories":[7,1,29],"tags":[133,143],"class_list":["post-1780","post","type-post","status-publish","format-standard","has-post-thumbnail","hentry","category-eso-4","category-general","category-portada","tag-4-eso","tag-graduacio"],"post_mailing_queue_ids":[],"_links":{"self":[{"href":"https:\/\/agora.xtec.cat\/inspontdeldiable\/wp-json\/wp\/v2\/posts\/1780","targetHints":{"allow":["GET"]}}],"collection":[{"href":"https:\/\/agora.xtec.cat\/inspontdeldiable\/wp-json\/wp\/v2\/posts"}],"about":[{"href":"https:\/\/agora.xtec.cat\/inspontdeldiable\/wp-json\/wp\/v2\/types\/post"}],"author":[{"embeddable":true,"href":"https:\/\/agora.xtec.cat\/inspontdeldiable\/wp-json\/wp\/v2\/users\/1"}],"replies":[{"embeddable":true,"href":"https:\/\/agora.xtec.cat\/inspontdeldiable\/wp-json\/wp\/v2\/comments?post=1780"}],"version-history":[{"count":2,"href":"https:\/\/agora.xtec.cat\/inspontdeldiable\/wp-json\/wp\/v2\/posts\/1780\/revisions"}],"predecessor-version":[{"id":1784,"href":"https:\/\/agora.xtec.cat\/inspontdeldiable\/wp-json\/wp\/v2\/posts\/1780\/revisions\/1784"}],"wp:featuredmedia":[{"embeddable":true,"href":"https:\/\/agora.xtec.cat\/inspontdeldiable\/wp-json\/wp\/v2\/media\/1781"}],"wp:attachment":[{"href":"https:\/\/agora.xtec.cat\/inspontdeldiable\/wp-json\/wp\/v2\/media?parent=1780"}],"wp:term":[{"taxonomy":"category","embeddable":true,"href":"https:\/\/agora.xtec.cat\/inspontdeldiable\/wp-json\/wp\/v2\/categories?post=1780"},{"taxonomy":"post_tag","embeddable":true,"href":"https:\/\/agora.xtec.cat\/inspontdeldiable\/wp-json\/wp\/v2\/tags?post=1780"}],"curies":[{"name":"wp","href":"https:\/\/api.w.org\/{rel}","templated":true}]}}