{"id":1765,"date":"2021-05-18T14:21:38","date_gmt":"2021-05-18T12:21:38","guid":{"rendered":"https:\/\/agora.xtec.cat\/inspontdeldiable\/?p=1765"},"modified":"2021-06-18T14:42:56","modified_gmt":"2021-06-18T12:42:56","slug":"anella-verda-de-tarragona","status":"publish","type":"post","link":"https:\/\/agora.xtec.cat\/inspontdeldiable\/general\/anella-verda-de-tarragona\/","title":{"rendered":"ANELLA VERDA DE TARRAGONA"},"content":{"rendered":"<p>Amb el grup d&#8217;Aula Oberta vam anar a fer un tram del Tomb de l&#8217;Anella Verda de Tarragona, sortint des del nostre institut i arribant a Ferran, un poble del municipi de Tarragona que es troba just abans d&#8217;arribar a Altafulla (aproximadament 15 km).<\/p>\n<p>Tot i que a l&#8217;inici de la ruta va plovisquejar, despr\u00e9s vam tenir un temps agradable, amb n\u00favols que tapaven el Sol i que ens van fer m\u00e9s agradable la passejada. Durant el recorregut vam poder veure elements arquitect\u00f2nics i paisatg\u00edstics caracter\u00edstics del municipi, observar restes romanes i veure castells medievals. Tamb\u00e9 vam practicar diversos elements d&#8217;orientaci\u00f3 a la muntanya que ens van fer arribar a Ferran seguint l&#8217;horari previst, alguns ja una mica cansats.<\/p>\n<p>El Tomb de l&#8217;Anella Verda \u00e9s un sender d&#8217;aproximadament 36 km que voreja el municipi de Tarragona des de la ciutat, passant pel riu Francol\u00ed, fins al riu Gai\u00e0 i retorna per la costa, o b\u00e9 a la inversa. boscos mediterranis o petites cales. El Tomb de l&#8217;Anella Verda de Tarragona est\u00e0 integrat en la Xarxa de Camins de Tarragona.<\/p>\n<p><a href=\"https:\/\/photos.app.goo.gl\/RKVwAPxBbZP2XrPf8\"><img loading=\"lazy\" decoding=\"async\" class=\"alignnone size-full wp-image-1766\" src=\"https:\/\/agora.xtec.cat\/inspontdeldiable\/wp-content\/uploads\/usu2039\/2021\/06\/anella-verda1.jpg\" alt=\"\" width=\"800\" height=\"450\" srcset=\"https:\/\/agora.xtec.cat\/inspontdeldiable\/wp-content\/uploads\/usu2039\/2021\/06\/anella-verda1.jpg 800w, https:\/\/agora.xtec.cat\/inspontdeldiable\/wp-content\/uploads\/usu2039\/2021\/06\/anella-verda1-300x169.jpg 300w, https:\/\/agora.xtec.cat\/inspontdeldiable\/wp-content\/uploads\/usu2039\/2021\/06\/anella-verda1-768x432.jpg 768w\" sizes=\"auto, (max-width: 800px) 100vw, 800px\" \/><\/a><\/p>\n","protected":false},"excerpt":{"rendered":"<p>Amb el grup d&#8217;Aula Oberta vam anar a fer un tram del Tomb de l&#8217;Anella Verda de Tarragona, sortint des del nostre institut i arribant a Ferran, un poble del municipi de Tarragona que es troba just abans d&#8217;arribar a Altafulla (aproximadament 15 km).<br \/>\nTot i&hellip;  <a href=\"https:\/\/agora.xtec.cat\/inspontdeldiable\/general\/anella-verda-de-tarragona\/\" title=\"Read ANELLA VERDA DE TARRAGONA\">Llegeix m\u00e9s\u00bb<\/a><\/p>\n","protected":false},"author":1,"featured_media":1767,"comment_status":"open","ping_status":"closed","sticky":false,"template":"","format":"standard","meta":{"_bbp_topic_count":0,"_bbp_reply_count":0,"_bbp_total_topic_count":0,"_bbp_total_reply_count":0,"_bbp_voice_count":0,"_bbp_anonymous_reply_count":0,"_bbp_topic_count_hidden":0,"_bbp_reply_count_hidden":0,"_bbp_forum_subforum_count":0,"footnotes":""},"categories":[6,7,1,29],"tags":[137,39],"class_list":["post-1765","post","type-post","status-publish","format-standard","has-post-thumbnail","hentry","category-eso-3","category-eso-4","category-general","category-portada","tag-aula-oberta","tag-sortides"],"post_mailing_queue_ids":[],"_links":{"self":[{"href":"https:\/\/agora.xtec.cat\/inspontdeldiable\/wp-json\/wp\/v2\/posts\/1765","targetHints":{"allow":["GET"]}}],"collection":[{"href":"https:\/\/agora.xtec.cat\/inspontdeldiable\/wp-json\/wp\/v2\/posts"}],"about":[{"href":"https:\/\/agora.xtec.cat\/inspontdeldiable\/wp-json\/wp\/v2\/types\/post"}],"author":[{"embeddable":true,"href":"https:\/\/agora.xtec.cat\/inspontdeldiable\/wp-json\/wp\/v2\/users\/1"}],"replies":[{"embeddable":true,"href":"https:\/\/agora.xtec.cat\/inspontdeldiable\/wp-json\/wp\/v2\/comments?post=1765"}],"version-history":[{"count":1,"href":"https:\/\/agora.xtec.cat\/inspontdeldiable\/wp-json\/wp\/v2\/posts\/1765\/revisions"}],"predecessor-version":[{"id":1768,"href":"https:\/\/agora.xtec.cat\/inspontdeldiable\/wp-json\/wp\/v2\/posts\/1765\/revisions\/1768"}],"wp:featuredmedia":[{"embeddable":true,"href":"https:\/\/agora.xtec.cat\/inspontdeldiable\/wp-json\/wp\/v2\/media\/1767"}],"wp:attachment":[{"href":"https:\/\/agora.xtec.cat\/inspontdeldiable\/wp-json\/wp\/v2\/media?parent=1765"}],"wp:term":[{"taxonomy":"category","embeddable":true,"href":"https:\/\/agora.xtec.cat\/inspontdeldiable\/wp-json\/wp\/v2\/categories?post=1765"},{"taxonomy":"post_tag","embeddable":true,"href":"https:\/\/agora.xtec.cat\/inspontdeldiable\/wp-json\/wp\/v2\/tags?post=1765"}],"curies":[{"name":"wp","href":"https:\/\/api.w.org\/{rel}","templated":true}]}}