{"id":1759,"date":"2021-05-22T14:07:12","date_gmt":"2021-05-22T12:07:12","guid":{"rendered":"https:\/\/agora.xtec.cat\/inspontdeldiable\/?p=1759"},"modified":"2021-06-18T14:14:55","modified_gmt":"2021-06-18T12:14:55","slug":"cami-de-ronda","status":"publish","type":"post","link":"https:\/\/agora.xtec.cat\/inspontdeldiable\/general\/cami-de-ronda\/","title":{"rendered":"CAM\u00cd DE RONDA"},"content":{"rendered":"<p>Amb els 3 grups de 2n d&#8217;ESO vam anar a fer un tram del Cam\u00ed de Ronda de Tarragona, un tram que ressegueix la l\u00ednia de costa des de la platja de l&#8217;Arrabassada fins a la Platja de la M\u00f3ra (aproximadament 8 km).<\/p>\n<p>A les tres sortides de 2n d&#8217;ESO el bon temps ens va acompanyar. V\u00e0rem caminar per platges de sorra, penya-segats, roques a la vora del mar, petites cales i pels t\u00edpics boscos mediterranis de les nostres contrades. Durant el trajecte v\u00e0rem observar diferents elements dels ecosistemes litorals, arribant a la platja de la M\u00f3ra seguint l&#8217;horari previst i una mica cansats.<\/p>\n<p>El Cam\u00ed de Ronda de Tarragona est\u00e0 integrat en la Xarxa de Camins de Tarragona, una xarxa abalisada amb marques grogues de continu\u00eftat que permeten despla\u00e7ar-se pels camins dels voltants de Tarragona i que tamb\u00e9 incorpora la senyalitzaci\u00f3 corresponent als senders de Gran Recorregut (GR) o Petit Recorregut (PR). Aquests camins tenen diverses funcions a m\u00e9s de ser elements per al despla\u00e7ament, s\u00f3n espais de lleure, on passejar, c\u00f3rrer o anar amb bicicleta, \u00e9s a dir, s\u00f3n espais on fer salut i gaudir, ja sigui sol o acompanyat.<\/p>\n<p><a href=\"https:\/\/photos.app.goo.gl\/CsTcDkBx1qTUEzTG7\"><img loading=\"lazy\" decoding=\"async\" class=\"alignnone size-full wp-image-1761\" src=\"https:\/\/agora.xtec.cat\/inspontdeldiable\/wp-content\/uploads\/usu2039\/2021\/06\/CAMIDERONDA2-1.jpg\" alt=\"\" width=\"800\" height=\"450\" srcset=\"https:\/\/agora.xtec.cat\/inspontdeldiable\/wp-content\/uploads\/usu2039\/2021\/06\/CAMIDERONDA2-1.jpg 800w, https:\/\/agora.xtec.cat\/inspontdeldiable\/wp-content\/uploads\/usu2039\/2021\/06\/CAMIDERONDA2-1-300x169.jpg 300w, https:\/\/agora.xtec.cat\/inspontdeldiable\/wp-content\/uploads\/usu2039\/2021\/06\/CAMIDERONDA2-1-768x432.jpg 768w\" sizes=\"auto, (max-width: 800px) 100vw, 800px\" \/><\/a><\/p>\n","protected":false},"excerpt":{"rendered":"<p>Amb els 3 grups de 2n d&#8217;ESO vam anar a fer un tram del Cam\u00ed de Ronda de Tarragona, un tram que ressegueix la l\u00ednia de costa des de la platja de l&#8217;Arrabassada fins a la Platja de la M\u00f3ra (aproximadament 8 km).<br \/>\nA les tres&hellip;  <a href=\"https:\/\/agora.xtec.cat\/inspontdeldiable\/general\/cami-de-ronda\/\" title=\"Read CAM\u00cd DE RONDA\">Llegeix m\u00e9s\u00bb<\/a><\/p>\n","protected":false},"author":1,"featured_media":1762,"comment_status":"open","ping_status":"closed","sticky":false,"template":"","format":"standard","meta":{"_bbp_topic_count":0,"_bbp_reply_count":0,"_bbp_total_topic_count":0,"_bbp_total_reply_count":0,"_bbp_voice_count":0,"_bbp_anonymous_reply_count":0,"_bbp_topic_count_hidden":0,"_bbp_reply_count_hidden":0,"_bbp_forum_subforum_count":0,"footnotes":""},"categories":[5,1,29],"tags":[123,126,39],"class_list":["post-1759","post","type-post","status-publish","format-standard","has-post-thumbnail","hentry","category-eso-2","category-general","category-portada","tag-2-eso","tag-educacio-fisica","tag-sortides"],"post_mailing_queue_ids":[],"_links":{"self":[{"href":"https:\/\/agora.xtec.cat\/inspontdeldiable\/wp-json\/wp\/v2\/posts\/1759","targetHints":{"allow":["GET"]}}],"collection":[{"href":"https:\/\/agora.xtec.cat\/inspontdeldiable\/wp-json\/wp\/v2\/posts"}],"about":[{"href":"https:\/\/agora.xtec.cat\/inspontdeldiable\/wp-json\/wp\/v2\/types\/post"}],"author":[{"embeddable":true,"href":"https:\/\/agora.xtec.cat\/inspontdeldiable\/wp-json\/wp\/v2\/users\/1"}],"replies":[{"embeddable":true,"href":"https:\/\/agora.xtec.cat\/inspontdeldiable\/wp-json\/wp\/v2\/comments?post=1759"}],"version-history":[{"count":2,"href":"https:\/\/agora.xtec.cat\/inspontdeldiable\/wp-json\/wp\/v2\/posts\/1759\/revisions"}],"predecessor-version":[{"id":1764,"href":"https:\/\/agora.xtec.cat\/inspontdeldiable\/wp-json\/wp\/v2\/posts\/1759\/revisions\/1764"}],"wp:featuredmedia":[{"embeddable":true,"href":"https:\/\/agora.xtec.cat\/inspontdeldiable\/wp-json\/wp\/v2\/media\/1762"}],"wp:attachment":[{"href":"https:\/\/agora.xtec.cat\/inspontdeldiable\/wp-json\/wp\/v2\/media?parent=1759"}],"wp:term":[{"taxonomy":"category","embeddable":true,"href":"https:\/\/agora.xtec.cat\/inspontdeldiable\/wp-json\/wp\/v2\/categories?post=1759"},{"taxonomy":"post_tag","embeddable":true,"href":"https:\/\/agora.xtec.cat\/inspontdeldiable\/wp-json\/wp\/v2\/tags?post=1759"}],"curies":[{"name":"wp","href":"https:\/\/api.w.org\/{rel}","templated":true}]}}