{"id":1746,"date":"2021-06-18T13:40:12","date_gmt":"2021-06-18T11:40:12","guid":{"rendered":"https:\/\/agora.xtec.cat\/inspontdeldiable\/?p=1746"},"modified":"2021-06-18T13:40:52","modified_gmt":"2021-06-18T11:40:52","slug":"graduacio-cicles-formatius","status":"publish","type":"post","link":"https:\/\/agora.xtec.cat\/inspontdeldiable\/general\/graduacio-cicles-formatius\/","title":{"rendered":"GRADUACI\u00d3 CICLES FORMATIUS"},"content":{"rendered":"<p>El passat 17 de juny es va fer a l\u2019Institut l\u2019acte de graduaci\u00f3 dels alumnes de CAI i APSD de Cicles Formatius de la promoci\u00f3 2020\/21.<\/p>\n<p>L&#8217;acte es va realitzar al gimn\u00e0s de l&#8217;Institut i amb les mesures de seguretat fixades per la pand\u00e8mia. Tot i aix\u00f2, ha estat un acte molt emotiu on s&#8217;ha posat fi a una etapa de formaci\u00f3 molt important per al nostre alumnat.<\/p>\n<p>Us desitgem que tingueu molta sort d\u2019aqu\u00ed endavant!<\/p>\n<p>Cliqueu sobre la imatge i feu una ullada a les fotos:<\/p>\n<p><a href=\"https:\/\/photos.app.goo.gl\/Ahj7Ujft3vEaGJbT9\"><img loading=\"lazy\" decoding=\"async\" class=\"alignnone wp-image-1748 size-medium\" src=\"https:\/\/agora.xtec.cat\/inspontdeldiable\/wp-content\/uploads\/usu2039\/2021\/06\/Graduaci\u00f3-cicles-2-300x209.jpg\" alt=\"\" width=\"300\" height=\"209\" srcset=\"https:\/\/agora.xtec.cat\/inspontdeldiable\/wp-content\/uploads\/usu2039\/2021\/06\/Graduaci\u00f3-cicles-2-300x209.jpg 300w, https:\/\/agora.xtec.cat\/inspontdeldiable\/wp-content\/uploads\/usu2039\/2021\/06\/Graduaci\u00f3-cicles-2-768x535.jpg 768w, https:\/\/agora.xtec.cat\/inspontdeldiable\/wp-content\/uploads\/usu2039\/2021\/06\/Graduaci\u00f3-cicles-2-1024x714.jpg 1024w, https:\/\/agora.xtec.cat\/inspontdeldiable\/wp-content\/uploads\/usu2039\/2021\/06\/Graduaci\u00f3-cicles-2.jpg 1086w\" sizes=\"auto, (max-width: 300px) 100vw, 300px\" \/><\/a><\/p>\n<p>&nbsp;<\/p>\n","protected":false},"excerpt":{"rendered":"<p>El passat 17 de juny es va fer a l\u2019Institut l\u2019acte de graduaci\u00f3 dels alumnes de CAI i APSD de Cicles Formatius de la promoci\u00f3 2020\/21.<br \/>\nL&#8217;acte es va realitzar al gimn\u00e0s de l&#8217;Institut i amb les mesures de seguretat fixades per la pand\u00e8mia. Tot i&hellip;  <a href=\"https:\/\/agora.xtec.cat\/inspontdeldiable\/general\/graduacio-cicles-formatius\/\" title=\"Read GRADUACI\u00d3 CICLES FORMATIUS\">Llegeix m\u00e9s\u00bb<\/a><\/p>\n","protected":false},"author":1,"featured_media":1749,"comment_status":"open","ping_status":"closed","sticky":false,"template":"","format":"standard","meta":{"_bbp_topic_count":0,"_bbp_reply_count":0,"_bbp_total_topic_count":0,"_bbp_total_reply_count":0,"_bbp_voice_count":0,"_bbp_anonymous_reply_count":0,"_bbp_topic_count_hidden":0,"_bbp_reply_count_hidden":0,"_bbp_forum_subforum_count":0,"footnotes":""},"categories":[8,30,1,29,104],"tags":[144,108,115,143],"class_list":["post-1746","post","type-post","status-publish","format-standard","has-post-thumbnail","hentry","category-cai","category-cicles-formatius","category-general","category-portada","category-tapsd","tag-apsd","tag-cai","tag-cicles-formatius","tag-graduacio"],"post_mailing_queue_ids":[],"_links":{"self":[{"href":"https:\/\/agora.xtec.cat\/inspontdeldiable\/wp-json\/wp\/v2\/posts\/1746","targetHints":{"allow":["GET"]}}],"collection":[{"href":"https:\/\/agora.xtec.cat\/inspontdeldiable\/wp-json\/wp\/v2\/posts"}],"about":[{"href":"https:\/\/agora.xtec.cat\/inspontdeldiable\/wp-json\/wp\/v2\/types\/post"}],"author":[{"embeddable":true,"href":"https:\/\/agora.xtec.cat\/inspontdeldiable\/wp-json\/wp\/v2\/users\/1"}],"replies":[{"embeddable":true,"href":"https:\/\/agora.xtec.cat\/inspontdeldiable\/wp-json\/wp\/v2\/comments?post=1746"}],"version-history":[{"count":3,"href":"https:\/\/agora.xtec.cat\/inspontdeldiable\/wp-json\/wp\/v2\/posts\/1746\/revisions"}],"predecessor-version":[{"id":1753,"href":"https:\/\/agora.xtec.cat\/inspontdeldiable\/wp-json\/wp\/v2\/posts\/1746\/revisions\/1753"}],"wp:featuredmedia":[{"embeddable":true,"href":"https:\/\/agora.xtec.cat\/inspontdeldiable\/wp-json\/wp\/v2\/media\/1749"}],"wp:attachment":[{"href":"https:\/\/agora.xtec.cat\/inspontdeldiable\/wp-json\/wp\/v2\/media?parent=1746"}],"wp:term":[{"taxonomy":"category","embeddable":true,"href":"https:\/\/agora.xtec.cat\/inspontdeldiable\/wp-json\/wp\/v2\/categories?post=1746"},{"taxonomy":"post_tag","embeddable":true,"href":"https:\/\/agora.xtec.cat\/inspontdeldiable\/wp-json\/wp\/v2\/tags?post=1746"}],"curies":[{"name":"wp","href":"https:\/\/api.w.org\/{rel}","templated":true}]}}