{"id":1740,"date":"2021-06-13T21:00:05","date_gmt":"2021-06-13T19:00:05","guid":{"rendered":"https:\/\/agora.xtec.cat\/inspontdeldiable\/?p=1740"},"modified":"2021-06-13T21:00:05","modified_gmt":"2021-06-13T19:00:05","slug":"un-arbre-per-europa","status":"publish","type":"post","link":"https:\/\/agora.xtec.cat\/inspontdeldiable\/general\/un-arbre-per-europa\/","title":{"rendered":"UN ARBRE PER EUROPA"},"content":{"rendered":"<p>L\u2019Institut ha iniciat la campanya a Tarragona \u201cUn arbre per Europa\u201d.<\/p>\n<p>El centre t\u00e9 el comprom\u00eds de promoure la sostenibilitat i el medi ambient en l\u2019alumnat. Aquesta acci\u00f3 ha consistit en plantar un ametller i tres oliveres a l&#8217;hort de l&#8217;Institut.<\/p>\n<p>A m\u00e9s a m\u00e9s, hem comptat amb l\u2019espectacle de l\u2019Ateneu l\u2019Europeu \u201cUnits per la diversitat\u201d, on l\u2019alumnat de primer d\u2019ESO ha passat una molt bona estona.<\/p>\n<p>Agrair la visita del Conseller d\u2019Educaci\u00f3 de l\u2019Ajuntament , Manel Casta\u00f1o, on ha proposat plantar un arbre cada any en un centre diferent, per donar import\u00e0ncia al desenvolupament sostenible i millorar la implicaci\u00f3 dels joves.<\/p>\n<p>Clicant en la foto podreu veure les imatges de la jornada.<\/p>\n<p><a href=\"https:\/\/photos.app.goo.gl\/LimH7w8EcXmzmVj39\"><img loading=\"lazy\" decoding=\"async\" class=\"alignnone wp-image-1741 size-medium\" src=\"https:\/\/agora.xtec.cat\/inspontdeldiable\/wp-content\/uploads\/usu2039\/2021\/06\/IMG_2208-300x225.jpg\" alt=\"\" width=\"300\" height=\"225\" srcset=\"https:\/\/agora.xtec.cat\/inspontdeldiable\/wp-content\/uploads\/usu2039\/2021\/06\/IMG_2208-300x225.jpg 300w, https:\/\/agora.xtec.cat\/inspontdeldiable\/wp-content\/uploads\/usu2039\/2021\/06\/IMG_2208-768x576.jpg 768w, https:\/\/agora.xtec.cat\/inspontdeldiable\/wp-content\/uploads\/usu2039\/2021\/06\/IMG_2208-200x150.jpg 200w, https:\/\/agora.xtec.cat\/inspontdeldiable\/wp-content\/uploads\/usu2039\/2021\/06\/IMG_2208.jpg 807w\" sizes=\"auto, (max-width: 300px) 100vw, 300px\" \/><\/a><\/p>\n<p>&nbsp;<\/p>\n<p>A m\u00e9s, s\u2019han fet ress\u00f2 els mitjans de comunicaci\u00f3 en els seg\u00fcents enlla\u00e7os:<\/p>\n<p><a href=\"https:\/\/youtu.be\/IddrCKSXPNo\"><img loading=\"lazy\" decoding=\"async\" class=\"alignnone wp-image-1742\" src=\"https:\/\/agora.xtec.cat\/inspontdeldiable\/wp-content\/uploads\/usu2039\/2021\/06\/tac12.png\" alt=\"\" width=\"303\" height=\"166\" srcset=\"https:\/\/agora.xtec.cat\/inspontdeldiable\/wp-content\/uploads\/usu2039\/2021\/06\/tac12.png 761w, https:\/\/agora.xtec.cat\/inspontdeldiable\/wp-content\/uploads\/usu2039\/2021\/06\/tac12-300x164.png 300w\" sizes=\"auto, (max-width: 303px) 100vw, 303px\" \/><\/a><\/p>\n<p><a href=\"https:\/\/www.tarragona.cat\/neteja-i-medi-ambient\/noticies\/noticies-2021\/la-campanya-un-arbre-per-europa-arriba-a-lins-pont-del-diable\">https:\/\/www.tarragona.cat\/neteja-i-medi-ambient\/noticies\/noticies-2021\/la-campanya-un-arbre-per-europa-arriba-a-lins-pont-del-diable<\/a><\/p>\n<blockquote class=\"wp-embedded-content\" data-secret=\"UmhD5m1evl\"><p><a href=\"https:\/\/www.tarragonaradio.cat\/linstitut-pont-del-diable-enceta-la-iniciativa-un-arbre-per-europa-a-tarragona\/\">L&#8217;institut Pont del Diable enceta la iniciativa \u2018Un arbre per Europa\u2019 a Tarragona<\/a><\/p><\/blockquote>\n<p><iframe loading=\"lazy\" class=\"wp-embedded-content\" sandbox=\"allow-scripts\" security=\"restricted\" style=\"position: absolute; clip: rect(1px, 1px, 1px, 1px);\" title=\"&#8220;L&#8217;institut Pont del Diable enceta la iniciativa \u2018Un arbre per Europa\u2019 a Tarragona&#8221; &#8212; Tarragona R\u00e0dio - Not\u00edcies, programes i podcasts de Tarragona\" src=\"https:\/\/www.tarragonaradio.cat\/linstitut-pont-del-diable-enceta-la-iniciativa-un-arbre-per-europa-a-tarragona\/embed\/#?secret=fAXsrirYzE#?secret=UmhD5m1evl\" data-secret=\"UmhD5m1evl\" width=\"500\" height=\"282\" frameborder=\"0\" marginwidth=\"0\" marginheight=\"0\" scrolling=\"no\"><\/iframe><\/p>\n","protected":false},"excerpt":{"rendered":"<p>L\u2019Institut ha iniciat la campanya a Tarragona \u201cUn arbre per Europa\u201d.<br \/>\nEl centre t\u00e9 el comprom\u00eds de promoure la sostenibilitat i el medi ambient en l\u2019alumnat. Aquesta acci\u00f3 ha consistit en plantar un ametller i tres oliveres a l&#8217;hort de l&#8217;Institut.<br \/>\nA m\u00e9s a m\u00e9s, hem comptat&hellip;  <a href=\"https:\/\/agora.xtec.cat\/inspontdeldiable\/general\/un-arbre-per-europa\/\" title=\"Read UN ARBRE PER EUROPA\">Llegeix m\u00e9s\u00bb<\/a><\/p>\n","protected":false},"author":1,"featured_media":1745,"comment_status":"open","ping_status":"closed","sticky":false,"template":"","format":"standard","meta":{"_bbp_topic_count":0,"_bbp_reply_count":0,"_bbp_total_topic_count":0,"_bbp_total_reply_count":0,"_bbp_voice_count":0,"_bbp_anonymous_reply_count":0,"_bbp_topic_count_hidden":0,"_bbp_reply_count_hidden":0,"_bbp_forum_subforum_count":0,"footnotes":""},"categories":[4,5,6,7,1,29],"tags":[114,142,141,140],"class_list":["post-1740","post","type-post","status-publish","format-standard","has-post-thumbnail","hentry","category-eso-1","category-eso-2","category-eso-3","category-eso-4","category-general","category-portada","tag-eso","tag-hort","tag-medi-ambient","tag-sostenibilitat"],"post_mailing_queue_ids":[],"_links":{"self":[{"href":"https:\/\/agora.xtec.cat\/inspontdeldiable\/wp-json\/wp\/v2\/posts\/1740","targetHints":{"allow":["GET"]}}],"collection":[{"href":"https:\/\/agora.xtec.cat\/inspontdeldiable\/wp-json\/wp\/v2\/posts"}],"about":[{"href":"https:\/\/agora.xtec.cat\/inspontdeldiable\/wp-json\/wp\/v2\/types\/post"}],"author":[{"embeddable":true,"href":"https:\/\/agora.xtec.cat\/inspontdeldiable\/wp-json\/wp\/v2\/users\/1"}],"replies":[{"embeddable":true,"href":"https:\/\/agora.xtec.cat\/inspontdeldiable\/wp-json\/wp\/v2\/comments?post=1740"}],"version-history":[{"count":2,"href":"https:\/\/agora.xtec.cat\/inspontdeldiable\/wp-json\/wp\/v2\/posts\/1740\/revisions"}],"predecessor-version":[{"id":1744,"href":"https:\/\/agora.xtec.cat\/inspontdeldiable\/wp-json\/wp\/v2\/posts\/1740\/revisions\/1744"}],"wp:featuredmedia":[{"embeddable":true,"href":"https:\/\/agora.xtec.cat\/inspontdeldiable\/wp-json\/wp\/v2\/media\/1745"}],"wp:attachment":[{"href":"https:\/\/agora.xtec.cat\/inspontdeldiable\/wp-json\/wp\/v2\/media?parent=1740"}],"wp:term":[{"taxonomy":"category","embeddable":true,"href":"https:\/\/agora.xtec.cat\/inspontdeldiable\/wp-json\/wp\/v2\/categories?post=1740"},{"taxonomy":"post_tag","embeddable":true,"href":"https:\/\/agora.xtec.cat\/inspontdeldiable\/wp-json\/wp\/v2\/tags?post=1740"}],"curies":[{"name":"wp","href":"https:\/\/api.w.org\/{rel}","templated":true}]}}