{"id":1723,"date":"2021-05-27T09:46:50","date_gmt":"2021-05-27T07:46:50","guid":{"rendered":"https:\/\/agora.xtec.cat\/inspontdeldiable\/?p=1723"},"modified":"2021-05-27T09:59:38","modified_gmt":"2021-05-27T07:59:38","slug":"taller-de-bicicletes","status":"publish","type":"post","link":"https:\/\/agora.xtec.cat\/inspontdeldiable\/general\/taller-de-bicicletes\/","title":{"rendered":"TALLER DE BICICLETES"},"content":{"rendered":"<p><span style=\"font-weight: 400;\">El dia 26 de maig tot l\u2019alumnat de 1r d\u2019ESO ha dut a terme un taller de bicicletes impartit pel Servei Catal\u00e0 de Tr\u00e0nsit. L\u2019activitat ha estat estructurada en dues parts: una de te\u00f2rica i una altra de pr\u00e0ctica. Per tant, s\u2019ha treballat el coneixement de la mobilitat a la via p\u00fablica en bicicleta, aix\u00ed com les activitats pr\u00e8vies de preparaci\u00f3 a la conducci\u00f3 a nivell d\u2019usuari, com ara la revisi\u00f3, el manteniment i la reparaci\u00f3 de la bicicleta, l\u2019\u00fas del casc, etc.<\/span><\/p>\n<p>Per veure m\u00e9s imatges del taller pots clicar sobre aquesta fotografia<\/p>\n<p><a href=\"https:\/\/photos.app.goo.gl\/hHsVkZV18Lubv4gG6\"><img loading=\"lazy\" decoding=\"async\" class=\"alignnone wp-image-1724 size-medium\" src=\"https:\/\/agora.xtec.cat\/inspontdeldiable\/wp-content\/uploads\/usu2039\/2021\/05\/TALLER-BICIS2-300x146.jpg\" alt=\"\" width=\"300\" height=\"146\" srcset=\"https:\/\/agora.xtec.cat\/inspontdeldiable\/wp-content\/uploads\/usu2039\/2021\/05\/TALLER-BICIS2-300x146.jpg 300w, https:\/\/agora.xtec.cat\/inspontdeldiable\/wp-content\/uploads\/usu2039\/2021\/05\/TALLER-BICIS2-768x373.jpg 768w, https:\/\/agora.xtec.cat\/inspontdeldiable\/wp-content\/uploads\/usu2039\/2021\/05\/TALLER-BICIS2-1024x498.jpg 1024w, https:\/\/agora.xtec.cat\/inspontdeldiable\/wp-content\/uploads\/usu2039\/2021\/05\/TALLER-BICIS2.jpg 1983w\" sizes=\"auto, (max-width: 300px) 100vw, 300px\" \/><\/a><\/p>\n","protected":false},"excerpt":{"rendered":"<p>El dia 26 de maig tot l\u2019alumnat de 1r d\u2019ESO ha dut a terme un taller de bicicletes impartit pel Servei Catal\u00e0 de Tr\u00e0nsit. L\u2019activitat ha estat estructurada en dues parts: una de te\u00f2rica i una altra de pr\u00e0ctica. Per tant, s\u2019ha treballat el coneixement&hellip;  <a href=\"https:\/\/agora.xtec.cat\/inspontdeldiable\/general\/taller-de-bicicletes\/\" title=\"Read TALLER DE BICICLETES\">Llegeix m\u00e9s\u00bb<\/a><\/p>\n","protected":false},"author":1,"featured_media":1726,"comment_status":"open","ping_status":"closed","sticky":false,"template":"","format":"standard","meta":{"_bbp_topic_count":0,"_bbp_reply_count":0,"_bbp_total_topic_count":0,"_bbp_total_reply_count":0,"_bbp_voice_count":0,"_bbp_anonymous_reply_count":0,"_bbp_topic_count_hidden":0,"_bbp_reply_count_hidden":0,"_bbp_forum_subforum_count":0,"footnotes":""},"categories":[4,1,29],"tags":[136,58],"class_list":["post-1723","post","type-post","status-publish","format-standard","has-post-thumbnail","hentry","category-eso-1","category-general","category-portada","tag-1-eso","tag-tallers"],"post_mailing_queue_ids":[],"_links":{"self":[{"href":"https:\/\/agora.xtec.cat\/inspontdeldiable\/wp-json\/wp\/v2\/posts\/1723","targetHints":{"allow":["GET"]}}],"collection":[{"href":"https:\/\/agora.xtec.cat\/inspontdeldiable\/wp-json\/wp\/v2\/posts"}],"about":[{"href":"https:\/\/agora.xtec.cat\/inspontdeldiable\/wp-json\/wp\/v2\/types\/post"}],"author":[{"embeddable":true,"href":"https:\/\/agora.xtec.cat\/inspontdeldiable\/wp-json\/wp\/v2\/users\/1"}],"replies":[{"embeddable":true,"href":"https:\/\/agora.xtec.cat\/inspontdeldiable\/wp-json\/wp\/v2\/comments?post=1723"}],"version-history":[{"count":2,"href":"https:\/\/agora.xtec.cat\/inspontdeldiable\/wp-json\/wp\/v2\/posts\/1723\/revisions"}],"predecessor-version":[{"id":1728,"href":"https:\/\/agora.xtec.cat\/inspontdeldiable\/wp-json\/wp\/v2\/posts\/1723\/revisions\/1728"}],"wp:featuredmedia":[{"embeddable":true,"href":"https:\/\/agora.xtec.cat\/inspontdeldiable\/wp-json\/wp\/v2\/media\/1726"}],"wp:attachment":[{"href":"https:\/\/agora.xtec.cat\/inspontdeldiable\/wp-json\/wp\/v2\/media?parent=1723"}],"wp:term":[{"taxonomy":"category","embeddable":true,"href":"https:\/\/agora.xtec.cat\/inspontdeldiable\/wp-json\/wp\/v2\/categories?post=1723"},{"taxonomy":"post_tag","embeddable":true,"href":"https:\/\/agora.xtec.cat\/inspontdeldiable\/wp-json\/wp\/v2\/tags?post=1723"}],"curies":[{"name":"wp","href":"https:\/\/api.w.org\/{rel}","templated":true}]}}