{"id":1704,"date":"2021-05-06T12:32:51","date_gmt":"2021-05-06T10:32:51","guid":{"rendered":"https:\/\/agora.xtec.cat\/inspontdeldiable\/?p=1704"},"modified":"2021-05-06T12:32:51","modified_gmt":"2021-05-06T10:32:51","slug":"servei-comunitari-4-eso","status":"publish","type":"post","link":"https:\/\/agora.xtec.cat\/inspontdeldiable\/eso\/servei-comunitari-4-eso\/","title":{"rendered":"SERVEI COMUNITARI 4 ESO"},"content":{"rendered":"<p dir=\"ltr\">Els alumnes de 4t d\u2019ESO de l\u2019Institut Pont del Diable estan cursant el servei comunitari durant el tercer trimestre del curs. Realitzen diferents activitats amb l\u2019Ajuntament de Tarragona, amb la Fundaci\u00f3 Aurora i amb C\u00e0ritas.<\/p>\n<p dir=\"ltr\">L\u2019activitat que fan amb C\u00e0ritas \u00e9s una acci\u00f3 de recollida de productes de neteja i d\u2019higiene personal als supermercats Esclat, Dia i Clarel del barri de Sant Salvador. La recollida la fan els dimecres de 5 a 7 de la tarda a la porta dels supermercats. Tot els productes que recullen els donen a C\u00e0ritas de Sant Salvador i es repartiran entre les fam\u00edlies del barri que ho necessitin.<\/p>\n<p dir=\"ltr\">La col\u00b7laboraci\u00f3 amb la fundaci\u00f3 Aurora ha sigut netejar dues zones de bosc de Sant Salvador on s\u2019han fet tasques de recollida de branques dels arbres i neteja de l\u2019entorn del bosc. Els alumnes han quedat parats dels molts objectes trobats: rentadores, televisors, cadires, plaques vitrocer\u00e0miques, etc.<\/p>\n<p dir=\"ltr\">Si cliqueu sobre la imatge podreu veure les fotos de l&#8217;activitat.<\/p>\n<p dir=\"ltr\"><a href=\"https:\/\/photos.app.goo.gl\/7CYwYBrM7tWbLU3L9\"><img loading=\"lazy\" decoding=\"async\" class=\"alignnone size-large wp-image-1706\" src=\"https:\/\/agora.xtec.cat\/inspontdeldiable\/wp-content\/uploads\/usu2039\/2021\/05\/IMG_20210416_123535-1024x473.jpg\" alt=\"\" width=\"1024\" height=\"473\" srcset=\"https:\/\/agora.xtec.cat\/inspontdeldiable\/wp-content\/uploads\/usu2039\/2021\/05\/IMG_20210416_123535-1024x473.jpg 1024w, https:\/\/agora.xtec.cat\/inspontdeldiable\/wp-content\/uploads\/usu2039\/2021\/05\/IMG_20210416_123535-300x139.jpg 300w, https:\/\/agora.xtec.cat\/inspontdeldiable\/wp-content\/uploads\/usu2039\/2021\/05\/IMG_20210416_123535-768x355.jpg 768w\" sizes=\"auto, (max-width: 1024px) 100vw, 1024px\" \/><\/a><\/p>\n","protected":false},"excerpt":{"rendered":"<p>Els alumnes de 4t d\u2019ESO de l\u2019Institut Pont del Diable estan cursant el servei comunitari durant el tercer trimestre del curs. Realitzen diferents activitats amb l\u2019Ajuntament de Tarragona, amb la Fundaci\u00f3 Aurora i amb C\u00e0ritas.<br \/>\nL\u2019activitat que fan amb C\u00e0ritas \u00e9s una acci\u00f3 de recollida de&hellip;  <a href=\"https:\/\/agora.xtec.cat\/inspontdeldiable\/eso\/servei-comunitari-4-eso\/\" title=\"Read SERVEI COMUNITARI 4 ESO\">Llegeix m\u00e9s\u00bb<\/a><\/p>\n","protected":false},"author":1,"featured_media":1705,"comment_status":"open","ping_status":"closed","sticky":false,"template":"","format":"standard","meta":{"_bbp_topic_count":0,"_bbp_reply_count":0,"_bbp_total_topic_count":0,"_bbp_total_reply_count":0,"_bbp_voice_count":0,"_bbp_anonymous_reply_count":0,"_bbp_topic_count_hidden":0,"_bbp_reply_count_hidden":0,"_bbp_forum_subforum_count":0,"footnotes":""},"categories":[3,7,29],"tags":[133,134],"class_list":["post-1704","post","type-post","status-publish","format-standard","has-post-thumbnail","hentry","category-eso","category-eso-4","category-portada","tag-4-eso","tag-servei-comunitari"],"post_mailing_queue_ids":[],"_links":{"self":[{"href":"https:\/\/agora.xtec.cat\/inspontdeldiable\/wp-json\/wp\/v2\/posts\/1704","targetHints":{"allow":["GET"]}}],"collection":[{"href":"https:\/\/agora.xtec.cat\/inspontdeldiable\/wp-json\/wp\/v2\/posts"}],"about":[{"href":"https:\/\/agora.xtec.cat\/inspontdeldiable\/wp-json\/wp\/v2\/types\/post"}],"author":[{"embeddable":true,"href":"https:\/\/agora.xtec.cat\/inspontdeldiable\/wp-json\/wp\/v2\/users\/1"}],"replies":[{"embeddable":true,"href":"https:\/\/agora.xtec.cat\/inspontdeldiable\/wp-json\/wp\/v2\/comments?post=1704"}],"version-history":[{"count":1,"href":"https:\/\/agora.xtec.cat\/inspontdeldiable\/wp-json\/wp\/v2\/posts\/1704\/revisions"}],"predecessor-version":[{"id":1707,"href":"https:\/\/agora.xtec.cat\/inspontdeldiable\/wp-json\/wp\/v2\/posts\/1704\/revisions\/1707"}],"wp:featuredmedia":[{"embeddable":true,"href":"https:\/\/agora.xtec.cat\/inspontdeldiable\/wp-json\/wp\/v2\/media\/1705"}],"wp:attachment":[{"href":"https:\/\/agora.xtec.cat\/inspontdeldiable\/wp-json\/wp\/v2\/media?parent=1704"}],"wp:term":[{"taxonomy":"category","embeddable":true,"href":"https:\/\/agora.xtec.cat\/inspontdeldiable\/wp-json\/wp\/v2\/categories?post=1704"},{"taxonomy":"post_tag","embeddable":true,"href":"https:\/\/agora.xtec.cat\/inspontdeldiable\/wp-json\/wp\/v2\/tags?post=1704"}],"curies":[{"name":"wp","href":"https:\/\/api.w.org\/{rel}","templated":true}]}}