{"id":1698,"date":"2021-04-26T12:33:23","date_gmt":"2021-04-26T10:33:23","guid":{"rendered":"https:\/\/agora.xtec.cat\/inspontdeldiable\/?p=1698"},"modified":"2021-04-26T12:35:02","modified_gmt":"2021-04-26T10:35:02","slug":"sant-jordi-2021","status":"publish","type":"post","link":"https:\/\/agora.xtec.cat\/inspontdeldiable\/general\/sant-jordi-2021\/","title":{"rendered":"SANT JORDI 2021"},"content":{"rendered":"<p>Com cada any, durant la jornada del divendres 23 d\u2019abril s\u2019ha celebrat la diada de Sant Jordi al nostre centre.<\/p>\n<p>Despr\u00e9s del pati s\u2019ha dut a terme un taller literari en el qual tot l\u2019alumnat d\u2019ESO ha elaborat una auca de la llegenda del Pont del Diable. Seguidament, s\u2019ha projectat un muntatge audiovisual amb lectures i treballs dels alumnes que giraven entorn de l\u2019obra del folklorista Joan Amades i de l\u2019escriptor Mario Benedetti.<\/p>\n<p>A m\u00e9s, per tal de mostrar la diversitat ling\u00fc\u00edstica del nostre institut i amb motiu del Dia Mundial de la Poesia celebrat el dia 21 de mar\u00e7, tamb\u00e9 s\u2019ha pogut gaudir del v\u00eddeo en qu\u00e8 diversos\/es estudiants recitaven el poema \u201cNo em despulleu\u201d, de Fel\u00edcia Fuster, en diferents lleng\u00fces.<\/p>\n<p>Aix\u00ed mateix, els llibres de segona m\u00e0 tamb\u00e9 han tingut protagonisme en la celebraci\u00f3, ja que s\u2019ha muntat una paradeta al vest\u00edbul i qui ha estat interessat a adquirir un llibre ho ha pogut fer.<\/p>\n<p>Clicant a la foto podreu veure les imatges de les activitats realitzades<\/p>\n<p><a href=\"https:\/\/photos.app.goo.gl\/oYEYEzD6fC7BBzDa7\"><img loading=\"lazy\" decoding=\"async\" class=\"alignnone wp-image-1701 size-medium\" src=\"https:\/\/agora.xtec.cat\/inspontdeldiable\/wp-content\/uploads\/usu2039\/2021\/04\/IMG_1796-300x225.jpg\" alt=\"\" width=\"300\" height=\"225\" srcset=\"https:\/\/agora.xtec.cat\/inspontdeldiable\/wp-content\/uploads\/usu2039\/2021\/04\/IMG_1796-300x225.jpg 300w, https:\/\/agora.xtec.cat\/inspontdeldiable\/wp-content\/uploads\/usu2039\/2021\/04\/IMG_1796-768x576.jpg 768w, https:\/\/agora.xtec.cat\/inspontdeldiable\/wp-content\/uploads\/usu2039\/2021\/04\/IMG_1796-1024x768.jpg 1024w, https:\/\/agora.xtec.cat\/inspontdeldiable\/wp-content\/uploads\/usu2039\/2021\/04\/IMG_1796-200x150.jpg 200w, https:\/\/agora.xtec.cat\/inspontdeldiable\/wp-content\/uploads\/usu2039\/2021\/04\/IMG_1796.jpg 1174w\" sizes=\"auto, (max-width: 300px) 100vw, 300px\" \/><\/a><\/p>\n<p>En conjunt, ha estat una jornada molt especial!<\/p>\n<p>&nbsp;<\/p>\n","protected":false},"excerpt":{"rendered":"<p>Com cada any, durant la jornada del divendres 23 d\u2019abril s\u2019ha celebrat la diada de Sant Jordi al nostre centre.<br \/>\nDespr\u00e9s del pati s\u2019ha dut a terme un taller literari en el qual tot l\u2019alumnat d\u2019ESO ha elaborat una auca de la llegenda del Pont del&hellip;  <a href=\"https:\/\/agora.xtec.cat\/inspontdeldiable\/general\/sant-jordi-2021\/\" title=\"Read SANT JORDI 2021\">Llegeix m\u00e9s\u00bb<\/a><\/p>\n","protected":false},"author":1,"featured_media":1699,"comment_status":"open","ping_status":"closed","sticky":false,"template":"","format":"standard","meta":{"_bbp_topic_count":0,"_bbp_reply_count":0,"_bbp_total_topic_count":0,"_bbp_total_reply_count":0,"_bbp_voice_count":0,"_bbp_anonymous_reply_count":0,"_bbp_topic_count_hidden":0,"_bbp_reply_count_hidden":0,"_bbp_forum_subforum_count":0,"footnotes":""},"categories":[4,5,6,7,1,29],"tags":[131,130,114,38],"class_list":["post-1698","post","type-post","status-publish","format-standard","has-post-thumbnail","hentry","category-eso-1","category-eso-2","category-eso-3","category-eso-4","category-general","category-portada","tag-castella","tag-catala","tag-eso","tag-sant-jordi"],"post_mailing_queue_ids":[],"_links":{"self":[{"href":"https:\/\/agora.xtec.cat\/inspontdeldiable\/wp-json\/wp\/v2\/posts\/1698","targetHints":{"allow":["GET"]}}],"collection":[{"href":"https:\/\/agora.xtec.cat\/inspontdeldiable\/wp-json\/wp\/v2\/posts"}],"about":[{"href":"https:\/\/agora.xtec.cat\/inspontdeldiable\/wp-json\/wp\/v2\/types\/post"}],"author":[{"embeddable":true,"href":"https:\/\/agora.xtec.cat\/inspontdeldiable\/wp-json\/wp\/v2\/users\/1"}],"replies":[{"embeddable":true,"href":"https:\/\/agora.xtec.cat\/inspontdeldiable\/wp-json\/wp\/v2\/comments?post=1698"}],"version-history":[{"count":1,"href":"https:\/\/agora.xtec.cat\/inspontdeldiable\/wp-json\/wp\/v2\/posts\/1698\/revisions"}],"predecessor-version":[{"id":1702,"href":"https:\/\/agora.xtec.cat\/inspontdeldiable\/wp-json\/wp\/v2\/posts\/1698\/revisions\/1702"}],"wp:featuredmedia":[{"embeddable":true,"href":"https:\/\/agora.xtec.cat\/inspontdeldiable\/wp-json\/wp\/v2\/media\/1699"}],"wp:attachment":[{"href":"https:\/\/agora.xtec.cat\/inspontdeldiable\/wp-json\/wp\/v2\/media?parent=1698"}],"wp:term":[{"taxonomy":"category","embeddable":true,"href":"https:\/\/agora.xtec.cat\/inspontdeldiable\/wp-json\/wp\/v2\/categories?post=1698"},{"taxonomy":"post_tag","embeddable":true,"href":"https:\/\/agora.xtec.cat\/inspontdeldiable\/wp-json\/wp\/v2\/tags?post=1698"}],"curies":[{"name":"wp","href":"https:\/\/api.w.org\/{rel}","templated":true}]}}