{"id":1693,"date":"2021-03-26T13:22:23","date_gmt":"2021-03-26T12:22:23","guid":{"rendered":"https:\/\/agora.xtec.cat\/inspontdeldiable\/?p=1693"},"modified":"2021-03-26T13:30:47","modified_gmt":"2021-03-26T12:30:47","slug":"concurs-de-realt-breu","status":"publish","type":"post","link":"https:\/\/agora.xtec.cat\/inspontdeldiable\/eso\/eso-2\/concurs-de-realt-breu\/","title":{"rendered":"CONCURS DE RELAT BREU"},"content":{"rendered":"<p>Els dies 5 i 12 de mar\u00e7 catorze alumnes de 2n i 3r d\u2019ESO del nostre centre van participar a la fase provincial del Concurs de Relat Breu en catal\u00e0 i castell\u00e0 organitzat per la Fundaci\u00f3 Coca-Cola. Aquest any ha estat una convocat\u00f2ria especial, ja que s\u2019ha celebrat de forma telem\u00e0tica.<\/p>\n<p>L\u2019alumnat va disposar de dues hores per escriure un text narratiu breu a partir d\u2019un est\u00edmul creatiu.<\/p>\n<p>Aquesta activitat t\u00e9 com a objectiu potenciar la creativitat i les capacitats liter\u00e0ries dels nois i noies del nostre institut.<\/p>\n<p>Molta sort a tots i totes!<\/p>\n<p><img loading=\"lazy\" decoding=\"async\" class=\"alignnone size-large wp-image-1694\" src=\"https:\/\/agora.xtec.cat\/inspontdeldiable\/wp-content\/uploads\/usu2039\/2021\/03\/Foto-Concurs-Relat-Breu-1024x602.jpg\" alt=\"\" width=\"1024\" height=\"602\" srcset=\"https:\/\/agora.xtec.cat\/inspontdeldiable\/wp-content\/uploads\/usu2039\/2021\/03\/Foto-Concurs-Relat-Breu-1024x602.jpg 1024w, https:\/\/agora.xtec.cat\/inspontdeldiable\/wp-content\/uploads\/usu2039\/2021\/03\/Foto-Concurs-Relat-Breu-300x176.jpg 300w, https:\/\/agora.xtec.cat\/inspontdeldiable\/wp-content\/uploads\/usu2039\/2021\/03\/Foto-Concurs-Relat-Breu-768x451.jpg 768w\" sizes=\"auto, (max-width: 1024px) 100vw, 1024px\" \/><\/p>\n","protected":false},"excerpt":{"rendered":"<p>Els dies 5 i 12 de mar\u00e7 catorze alumnes de 2n i 3r d\u2019ESO del nostre centre van participar a la fase provincial del Concurs de Relat Breu en catal\u00e0 i castell\u00e0 organitzat per la Fundaci\u00f3 Coca-Cola. Aquest any ha estat una convocat\u00f2ria especial, ja&hellip;  <a href=\"https:\/\/agora.xtec.cat\/inspontdeldiable\/eso\/eso-2\/concurs-de-realt-breu\/\" title=\"Read CONCURS DE RELAT BREU\">Llegeix m\u00e9s\u00bb<\/a><\/p>\n","protected":false},"author":1,"featured_media":1694,"comment_status":"open","ping_status":"closed","sticky":false,"template":"","format":"standard","meta":{"_bbp_topic_count":0,"_bbp_reply_count":0,"_bbp_total_topic_count":0,"_bbp_total_reply_count":0,"_bbp_voice_count":0,"_bbp_anonymous_reply_count":0,"_bbp_topic_count_hidden":0,"_bbp_reply_count_hidden":0,"_bbp_forum_subforum_count":0,"footnotes":""},"categories":[5,6,29],"tags":[123,128,131,130,129,132],"class_list":["post-1693","post","type-post","status-publish","format-standard","has-post-thumbnail","hentry","category-eso-2","category-eso-3","category-portada","tag-2-eso","tag-3-eso","tag-castella","tag-catala","tag-concurs","tag-es"],"post_mailing_queue_ids":[],"_links":{"self":[{"href":"https:\/\/agora.xtec.cat\/inspontdeldiable\/wp-json\/wp\/v2\/posts\/1693","targetHints":{"allow":["GET"]}}],"collection":[{"href":"https:\/\/agora.xtec.cat\/inspontdeldiable\/wp-json\/wp\/v2\/posts"}],"about":[{"href":"https:\/\/agora.xtec.cat\/inspontdeldiable\/wp-json\/wp\/v2\/types\/post"}],"author":[{"embeddable":true,"href":"https:\/\/agora.xtec.cat\/inspontdeldiable\/wp-json\/wp\/v2\/users\/1"}],"replies":[{"embeddable":true,"href":"https:\/\/agora.xtec.cat\/inspontdeldiable\/wp-json\/wp\/v2\/comments?post=1693"}],"version-history":[{"count":2,"href":"https:\/\/agora.xtec.cat\/inspontdeldiable\/wp-json\/wp\/v2\/posts\/1693\/revisions"}],"predecessor-version":[{"id":1696,"href":"https:\/\/agora.xtec.cat\/inspontdeldiable\/wp-json\/wp\/v2\/posts\/1693\/revisions\/1696"}],"wp:featuredmedia":[{"embeddable":true,"href":"https:\/\/agora.xtec.cat\/inspontdeldiable\/wp-json\/wp\/v2\/media\/1694"}],"wp:attachment":[{"href":"https:\/\/agora.xtec.cat\/inspontdeldiable\/wp-json\/wp\/v2\/media?parent=1693"}],"wp:term":[{"taxonomy":"category","embeddable":true,"href":"https:\/\/agora.xtec.cat\/inspontdeldiable\/wp-json\/wp\/v2\/categories?post=1693"},{"taxonomy":"post_tag","embeddable":true,"href":"https:\/\/agora.xtec.cat\/inspontdeldiable\/wp-json\/wp\/v2\/tags?post=1693"}],"curies":[{"name":"wp","href":"https:\/\/api.w.org\/{rel}","templated":true}]}}