{"id":1689,"date":"2021-03-26T10:20:48","date_gmt":"2021-03-26T09:20:48","guid":{"rendered":"https:\/\/agora.xtec.cat\/inspontdeldiable\/?p=1689"},"modified":"2021-03-26T10:20:48","modified_gmt":"2021-03-26T09:20:48","slug":"sortida-les-borges-del-camp","status":"publish","type":"post","link":"https:\/\/agora.xtec.cat\/inspontdeldiable\/general\/sortida-les-borges-del-camp\/","title":{"rendered":"SORTIDA LES BORGES DEL CAMP"},"content":{"rendered":"<p>Els dies 22, 24 i 25 de mar\u00e7 s&#8217;han dut a terme les sortides dels grups de 3r A, B i C, als Miradors de les Borges del Camp. L&#8217;alumnat ha pogut posar en pr\u00e0ctica compet\u00e8ncies de l&#8217;\u00e0mbit de l&#8217;educaci\u00f3 f\u00edsica i del social. Ha estat una sortida a la natura molt ben rebuda per l&#8217;alumnat, els felicitem per la seva implicaci\u00f3 i les ganes que hi han posat!!<\/p>\n<p>Clica en la imatge per veure les fotos de l&#8217;excursi\u00f3.<\/p>\n<p><a href=\"https:\/\/photos.app.goo.gl\/SXSszBTR1oVjXsdPA\"><img loading=\"lazy\" decoding=\"async\" class=\"alignnone wp-image-1691 size-medium\" src=\"https:\/\/agora.xtec.cat\/inspontdeldiable\/wp-content\/uploads\/usu2039\/2021\/03\/PHOTO-2021-03-26-08-47-40-300x225.jpg\" alt=\"\" width=\"300\" height=\"225\" srcset=\"https:\/\/agora.xtec.cat\/inspontdeldiable\/wp-content\/uploads\/usu2039\/2021\/03\/PHOTO-2021-03-26-08-47-40-300x225.jpg 300w, https:\/\/agora.xtec.cat\/inspontdeldiable\/wp-content\/uploads\/usu2039\/2021\/03\/PHOTO-2021-03-26-08-47-40-768x576.jpg 768w, https:\/\/agora.xtec.cat\/inspontdeldiable\/wp-content\/uploads\/usu2039\/2021\/03\/PHOTO-2021-03-26-08-47-40-1024x768.jpg 1024w, https:\/\/agora.xtec.cat\/inspontdeldiable\/wp-content\/uploads\/usu2039\/2021\/03\/PHOTO-2021-03-26-08-47-40-200x150.jpg 200w, https:\/\/agora.xtec.cat\/inspontdeldiable\/wp-content\/uploads\/usu2039\/2021\/03\/PHOTO-2021-03-26-08-47-40.jpg 1984w\" sizes=\"auto, (max-width: 300px) 100vw, 300px\" \/><\/a><\/p>\n<p>&nbsp;<\/p>\n","protected":false},"excerpt":{"rendered":"<p>Els dies 22, 24 i 25 de mar\u00e7 s&#8217;han dut a terme les sortides dels grups de 3r A, B i C, als Miradors de les Borges del Camp. L&#8217;alumnat ha pogut posar en pr\u00e0ctica compet\u00e8ncies de l&#8217;\u00e0mbit de l&#8217;educaci\u00f3 f\u00edsica i del social. Ha&hellip;  <a href=\"https:\/\/agora.xtec.cat\/inspontdeldiable\/general\/sortida-les-borges-del-camp\/\" title=\"Read SORTIDA LES BORGES DEL CAMP\">Llegeix m\u00e9s\u00bb<\/a><\/p>\n","protected":false},"author":1,"featured_media":1690,"comment_status":"open","ping_status":"closed","sticky":false,"template":"","format":"standard","meta":{"_bbp_topic_count":0,"_bbp_reply_count":0,"_bbp_total_topic_count":0,"_bbp_total_reply_count":0,"_bbp_voice_count":0,"_bbp_anonymous_reply_count":0,"_bbp_topic_count_hidden":0,"_bbp_reply_count_hidden":0,"_bbp_forum_subforum_count":0,"footnotes":""},"categories":[6,1,29],"tags":[112,126,127,39],"class_list":["post-1689","post","type-post","status-publish","format-standard","has-post-thumbnail","hentry","category-eso-3","category-general","category-portada","tag-3eso","tag-educacio-fisica","tag-socials","tag-sortides"],"post_mailing_queue_ids":[],"_links":{"self":[{"href":"https:\/\/agora.xtec.cat\/inspontdeldiable\/wp-json\/wp\/v2\/posts\/1689","targetHints":{"allow":["GET"]}}],"collection":[{"href":"https:\/\/agora.xtec.cat\/inspontdeldiable\/wp-json\/wp\/v2\/posts"}],"about":[{"href":"https:\/\/agora.xtec.cat\/inspontdeldiable\/wp-json\/wp\/v2\/types\/post"}],"author":[{"embeddable":true,"href":"https:\/\/agora.xtec.cat\/inspontdeldiable\/wp-json\/wp\/v2\/users\/1"}],"replies":[{"embeddable":true,"href":"https:\/\/agora.xtec.cat\/inspontdeldiable\/wp-json\/wp\/v2\/comments?post=1689"}],"version-history":[{"count":1,"href":"https:\/\/agora.xtec.cat\/inspontdeldiable\/wp-json\/wp\/v2\/posts\/1689\/revisions"}],"predecessor-version":[{"id":1692,"href":"https:\/\/agora.xtec.cat\/inspontdeldiable\/wp-json\/wp\/v2\/posts\/1689\/revisions\/1692"}],"wp:featuredmedia":[{"embeddable":true,"href":"https:\/\/agora.xtec.cat\/inspontdeldiable\/wp-json\/wp\/v2\/media\/1690"}],"wp:attachment":[{"href":"https:\/\/agora.xtec.cat\/inspontdeldiable\/wp-json\/wp\/v2\/media?parent=1689"}],"wp:term":[{"taxonomy":"category","embeddable":true,"href":"https:\/\/agora.xtec.cat\/inspontdeldiable\/wp-json\/wp\/v2\/categories?post=1689"},{"taxonomy":"post_tag","embeddable":true,"href":"https:\/\/agora.xtec.cat\/inspontdeldiable\/wp-json\/wp\/v2\/tags?post=1689"}],"curies":[{"name":"wp","href":"https:\/\/api.w.org\/{rel}","templated":true}]}}