{"id":1593,"date":"2020-09-07T22:46:51","date_gmt":"2020-09-07T20:46:51","guid":{"rendered":"https:\/\/agora.xtec.cat\/inspontdeldiable\/?p=1593"},"modified":"2020-09-07T22:48:17","modified_gmt":"2020-09-07T20:48:17","slug":"matriculacio-a-cicles-formatius","status":"publish","type":"post","link":"https:\/\/agora.xtec.cat\/inspontdeldiable\/cicles-formatius\/cai\/matriculacio-a-cicles-formatius\/","title":{"rendered":"MATRICULACI\u00d3 A CICLES FORMATIUS"},"content":{"rendered":"<p>De l&#8217;1 al 7 de setembre es realitza la matr\u00edcula a Cicles Formatius de Grau Mitj\u00e0, per tal d&#8217;obtenir informaci\u00f3 pots clicar <a href=\"https:\/\/agora.xtec.cat\/inspontdeldiable\/matricula-cicles-formatius-de-grau-mitja\/\">aqu\u00ed<\/a><\/p>\n","protected":false},"excerpt":{"rendered":"<p>De l&#8217;1 al 7 de setembre es realitza la matr\u00edcula a Cicles Formatius de Grau Mitj\u00e0, per tal d&#8217;obtenir informaci\u00f3 pots clicar <a href=\"https:\/\/agora.xtec.cat\/inspontdeldiable\/matricula-cicles-formatius-de-grau-mitja\/\">aqu\u00ed<\/a><\/p>\n","protected":false},"author":1,"featured_media":1560,"comment_status":"open","ping_status":"closed","sticky":false,"template":"","format":"standard","meta":{"_bbp_topic_count":0,"_bbp_reply_count":0,"_bbp_total_topic_count":0,"_bbp_total_reply_count":0,"_bbp_voice_count":0,"_bbp_anonymous_reply_count":0,"_bbp_topic_count_hidden":0,"_bbp_reply_count_hidden":0,"_bbp_forum_subforum_count":0,"footnotes":""},"categories":[8,30,29,104],"tags":[108,115,124,121],"class_list":["post-1593","post","type-post","status-publish","format-standard","has-post-thumbnail","hentry","category-cai","category-cicles-formatius","category-portada","category-tapsd","tag-cai","tag-cicles-formatius","tag-matricula","tag-tapsd"],"post_mailing_queue_ids":[],"_links":{"self":[{"href":"https:\/\/agora.xtec.cat\/inspontdeldiable\/wp-json\/wp\/v2\/posts\/1593","targetHints":{"allow":["GET"]}}],"collection":[{"href":"https:\/\/agora.xtec.cat\/inspontdeldiable\/wp-json\/wp\/v2\/posts"}],"about":[{"href":"https:\/\/agora.xtec.cat\/inspontdeldiable\/wp-json\/wp\/v2\/types\/post"}],"author":[{"embeddable":true,"href":"https:\/\/agora.xtec.cat\/inspontdeldiable\/wp-json\/wp\/v2\/users\/1"}],"replies":[{"embeddable":true,"href":"https:\/\/agora.xtec.cat\/inspontdeldiable\/wp-json\/wp\/v2\/comments?post=1593"}],"version-history":[{"count":2,"href":"https:\/\/agora.xtec.cat\/inspontdeldiable\/wp-json\/wp\/v2\/posts\/1593\/revisions"}],"predecessor-version":[{"id":1595,"href":"https:\/\/agora.xtec.cat\/inspontdeldiable\/wp-json\/wp\/v2\/posts\/1593\/revisions\/1595"}],"wp:featuredmedia":[{"embeddable":true,"href":"https:\/\/agora.xtec.cat\/inspontdeldiable\/wp-json\/wp\/v2\/media\/1560"}],"wp:attachment":[{"href":"https:\/\/agora.xtec.cat\/inspontdeldiable\/wp-json\/wp\/v2\/media?parent=1593"}],"wp:term":[{"taxonomy":"category","embeddable":true,"href":"https:\/\/agora.xtec.cat\/inspontdeldiable\/wp-json\/wp\/v2\/categories?post=1593"},{"taxonomy":"post_tag","embeddable":true,"href":"https:\/\/agora.xtec.cat\/inspontdeldiable\/wp-json\/wp\/v2\/tags?post=1593"}],"curies":[{"name":"wp","href":"https:\/\/api.w.org\/{rel}","templated":true}]}}