{"id":1450,"date":"2020-06-15T15:16:28","date_gmt":"2020-06-15T13:16:28","guid":{"rendered":"https:\/\/agora.xtec.cat\/inspontdeldiable\/?p=1450"},"modified":"2020-06-15T15:16:28","modified_gmt":"2020-06-15T13:16:28","slug":"estudiants-de-cicles-formatius-es-presenten-voluntaris-contra-el-covid-19","status":"publish","type":"post","link":"https:\/\/agora.xtec.cat\/inspontdeldiable\/general\/estudiants-de-cicles-formatius-es-presenten-voluntaris-contra-el-covid-19\/","title":{"rendered":"ESTUDIANTS DE CICLES FORMATIUS ES PRESENTEN VOLUNTARIS CONTRA EL COVID-19"},"content":{"rendered":"<p>L\u2019Institut Pont del Diable ha facilitat que els estudiants de ciles formatius estiguin fent de voluntaris al programa de suport del COVID-19 a diferents centres de les nostres comarques. Aix\u00ed ho explica Adriana Stoian, a les not\u00edcies de TV3, com est\u00e0 vivint l&#8217;experi\u00e8ncia d&#8217;aquesta crisi sanit\u00e0ria de tant a prop.<\/p>\n<p><iframe loading=\"lazy\" src=\"https:\/\/www.ccma.cat\/video\/embed\/6047137\/\" width=\"500px\" height=\"281px\" frameborder=\"0\"><\/iframe><\/p>\n","protected":false},"excerpt":{"rendered":"<p>L\u2019Institut Pont del Diable ha facilitat que els estudiants de ciles formatius estiguin fent de voluntaris al programa de suport del COVID-19 a diferents centres de les nostres comarques. Aix\u00ed ho explica Adriana Stoian, a les not\u00edcies de TV3, com est\u00e0 vivint l&#8217;experi\u00e8ncia d&#8217;aquesta crisi&hellip;  <a href=\"https:\/\/agora.xtec.cat\/inspontdeldiable\/general\/estudiants-de-cicles-formatius-es-presenten-voluntaris-contra-el-covid-19\/\" title=\"Read ESTUDIANTS DE CICLES FORMATIUS ES PRESENTEN VOLUNTARIS CONTRA EL COVID-19\">Llegeix m\u00e9s\u00bb<\/a><\/p>\n","protected":false},"author":1,"featured_media":1451,"comment_status":"open","ping_status":"closed","sticky":false,"template":"","format":"standard","meta":{"_bbp_topic_count":0,"_bbp_reply_count":0,"_bbp_total_topic_count":0,"_bbp_total_reply_count":0,"_bbp_voice_count":0,"_bbp_anonymous_reply_count":0,"_bbp_topic_count_hidden":0,"_bbp_reply_count_hidden":0,"_bbp_forum_subforum_count":0,"footnotes":""},"categories":[8,30,1,29,104],"tags":[108,115,120,116,121],"class_list":["post-1450","post","type-post","status-publish","format-standard","has-post-thumbnail","hentry","category-cai","category-cicles-formatius","category-general","category-portada","category-tapsd","tag-cai","tag-cicles-formatius","tag-coronavirus","tag-cov-19","tag-tapsd"],"post_mailing_queue_ids":[],"_links":{"self":[{"href":"https:\/\/agora.xtec.cat\/inspontdeldiable\/wp-json\/wp\/v2\/posts\/1450","targetHints":{"allow":["GET"]}}],"collection":[{"href":"https:\/\/agora.xtec.cat\/inspontdeldiable\/wp-json\/wp\/v2\/posts"}],"about":[{"href":"https:\/\/agora.xtec.cat\/inspontdeldiable\/wp-json\/wp\/v2\/types\/post"}],"author":[{"embeddable":true,"href":"https:\/\/agora.xtec.cat\/inspontdeldiable\/wp-json\/wp\/v2\/users\/1"}],"replies":[{"embeddable":true,"href":"https:\/\/agora.xtec.cat\/inspontdeldiable\/wp-json\/wp\/v2\/comments?post=1450"}],"version-history":[{"count":3,"href":"https:\/\/agora.xtec.cat\/inspontdeldiable\/wp-json\/wp\/v2\/posts\/1450\/revisions"}],"predecessor-version":[{"id":1466,"href":"https:\/\/agora.xtec.cat\/inspontdeldiable\/wp-json\/wp\/v2\/posts\/1450\/revisions\/1466"}],"wp:featuredmedia":[{"embeddable":true,"href":"https:\/\/agora.xtec.cat\/inspontdeldiable\/wp-json\/wp\/v2\/media\/1451"}],"wp:attachment":[{"href":"https:\/\/agora.xtec.cat\/inspontdeldiable\/wp-json\/wp\/v2\/media?parent=1450"}],"wp:term":[{"taxonomy":"category","embeddable":true,"href":"https:\/\/agora.xtec.cat\/inspontdeldiable\/wp-json\/wp\/v2\/categories?post=1450"},{"taxonomy":"post_tag","embeddable":true,"href":"https:\/\/agora.xtec.cat\/inspontdeldiable\/wp-json\/wp\/v2\/tags?post=1450"}],"curies":[{"name":"wp","href":"https:\/\/api.w.org\/{rel}","templated":true}]}}