{"id":1098,"date":"2020-04-06T13:05:57","date_gmt":"2020-04-06T11:05:57","guid":{"rendered":"https:\/\/agora.xtec.cat\/inspontdeldiable\/?p=1098"},"modified":"2020-04-06T18:30:56","modified_gmt":"2020-04-06T16:30:56","slug":"comparteix-wifi","status":"publish","type":"post","link":"https:\/\/agora.xtec.cat\/inspontdeldiable\/general\/comparteix-wifi\/","title":{"rendered":"COMPARTEIX WIFI"},"content":{"rendered":"<p><img loading=\"lazy\" decoding=\"async\" class=\"alignnone size-large wp-image-1102\" src=\"https:\/\/agora.xtec.cat\/inspontdeldiable\/wp-content\/uploads\/usu2039\/2020\/04\/cartell-CompartimWifi_page-0001-1-909x1024.jpg\" alt=\"\" width=\"909\" height=\"1024\" srcset=\"https:\/\/agora.xtec.cat\/inspontdeldiable\/wp-content\/uploads\/usu2039\/2020\/04\/cartell-CompartimWifi_page-0001-1-909x1024.jpg 909w, https:\/\/agora.xtec.cat\/inspontdeldiable\/wp-content\/uploads\/usu2039\/2020\/04\/cartell-CompartimWifi_page-0001-1-266x300.jpg 266w, https:\/\/agora.xtec.cat\/inspontdeldiable\/wp-content\/uploads\/usu2039\/2020\/04\/cartell-CompartimWifi_page-0001-1-768x865.jpg 768w, https:\/\/agora.xtec.cat\/inspontdeldiable\/wp-content\/uploads\/usu2039\/2020\/04\/cartell-CompartimWifi_page-0001-1.jpg 1237w\" sizes=\"auto, (max-width: 909px) 100vw, 909px\" \/><\/p>\n<p>Clicant <a href=\"https:\/\/agora.xtec.cat\/inspontdeldiable\/comparteix-wifi\/\">aqu\u00ed<\/a> podeu trobar informaci\u00f3 de les empreses telef\u00f2niques sobre la configuraci\u00f3 del router per a la gesti\u00f3 del wifi<\/p>\n","protected":false},"excerpt":{"rendered":"<p>Clicant <a href=\"https:\/\/agora.xtec.cat\/inspontdeldiable\/comparteix-wifi\/\">aqu\u00ed<\/a> podeu trobar informaci\u00f3 de les empreses telef\u00f2niques sobre la configuraci\u00f3 del router per a la gesti\u00f3 del wifi<\/p>\n","protected":false},"author":1,"featured_media":0,"comment_status":"open","ping_status":"closed","sticky":false,"template":"","format":"standard","meta":{"_bbp_topic_count":0,"_bbp_reply_count":0,"_bbp_total_topic_count":0,"_bbp_total_reply_count":0,"_bbp_voice_count":0,"_bbp_anonymous_reply_count":0,"_bbp_topic_count_hidden":0,"_bbp_reply_count_hidden":0,"_bbp_forum_subforum_count":0,"footnotes":""},"categories":[1,29],"tags":[115,117,116,114],"class_list":["post-1098","post","type-post","status-publish","format-standard","hentry","category-general","category-portada","tag-cicles-formatius","tag-confinament","tag-cov-19","tag-eso"],"post_mailing_queue_ids":[],"_links":{"self":[{"href":"https:\/\/agora.xtec.cat\/inspontdeldiable\/wp-json\/wp\/v2\/posts\/1098","targetHints":{"allow":["GET"]}}],"collection":[{"href":"https:\/\/agora.xtec.cat\/inspontdeldiable\/wp-json\/wp\/v2\/posts"}],"about":[{"href":"https:\/\/agora.xtec.cat\/inspontdeldiable\/wp-json\/wp\/v2\/types\/post"}],"author":[{"embeddable":true,"href":"https:\/\/agora.xtec.cat\/inspontdeldiable\/wp-json\/wp\/v2\/users\/1"}],"replies":[{"embeddable":true,"href":"https:\/\/agora.xtec.cat\/inspontdeldiable\/wp-json\/wp\/v2\/comments?post=1098"}],"version-history":[{"count":4,"href":"https:\/\/agora.xtec.cat\/inspontdeldiable\/wp-json\/wp\/v2\/posts\/1098\/revisions"}],"predecessor-version":[{"id":1128,"href":"https:\/\/agora.xtec.cat\/inspontdeldiable\/wp-json\/wp\/v2\/posts\/1098\/revisions\/1128"}],"wp:attachment":[{"href":"https:\/\/agora.xtec.cat\/inspontdeldiable\/wp-json\/wp\/v2\/media?parent=1098"}],"wp:term":[{"taxonomy":"category","embeddable":true,"href":"https:\/\/agora.xtec.cat\/inspontdeldiable\/wp-json\/wp\/v2\/categories?post=1098"},{"taxonomy":"post_tag","embeddable":true,"href":"https:\/\/agora.xtec.cat\/inspontdeldiable\/wp-json\/wp\/v2\/tags?post=1098"}],"curies":[{"name":"wp","href":"https:\/\/api.w.org\/{rel}","templated":true}]}}