{"id":1087,"date":"2020-04-03T19:01:22","date_gmt":"2020-04-03T17:01:22","guid":{"rendered":"https:\/\/agora.xtec.cat\/inspontdeldiable\/?p=1087"},"modified":"2020-04-03T19:01:22","modified_gmt":"2020-04-03T17:01:22","slug":"cartes-amb-cor","status":"publish","type":"post","link":"https:\/\/agora.xtec.cat\/inspontdeldiable\/general\/cartes-amb-cor\/","title":{"rendered":"CARTES AMB COR"},"content":{"rendered":"<div>\n<p lang=\"CA-ES\"><span lang=\"CA-ES\">Us <\/span><span lang=\"CA-ES\">volem fer arribar la proposta <\/span><span lang=\"CA-ES\">del Departament d\u2019Educaci\u00f3 i el Departament de Sa<\/span><span lang=\"CA-ES\">lut que<\/span><span lang=\"CA-ES\">\u00a0<\/span><span lang=\"CA-ES\">han<\/span><span lang=\"CA-ES\">\u00a0anomenat<\/span><span lang=\"CA-ES\">\u00a0<\/span><span lang=\"CA-ES\">junts<\/span><span lang=\"CA-ES\">\u00a0<\/span><span lang=\"CA-ES\">CARTES AMB<\/span><span lang=\"CA-ES\">\u00a0COR<\/span><span lang=\"CA-ES\">.<img loading=\"lazy\" decoding=\"async\" class=\"aligncenter wp-image-1089 size-medium\" src=\"https:\/\/agora.xtec.cat\/inspontdeldiable\/wp-content\/uploads\/usu2039\/2020\/04\/cartes_que_curen-300x173.png\" alt=\"\" width=\"300\" height=\"173\" srcset=\"https:\/\/agora.xtec.cat\/inspontdeldiable\/wp-content\/uploads\/usu2039\/2020\/04\/cartes_que_curen-300x173.png 300w, https:\/\/agora.xtec.cat\/inspontdeldiable\/wp-content\/uploads\/usu2039\/2020\/04\/cartes_que_curen-768x443.png 768w, https:\/\/agora.xtec.cat\/inspontdeldiable\/wp-content\/uploads\/usu2039\/2020\/04\/cartes_que_curen.png 803w\" sizes=\"auto, (max-width: 300px) 100vw, 300px\" \/><\/span><\/p>\n<\/div>\n<div style=\"text-align: justify;\">\n<p lang=\"CA-ES\"><span lang=\"CA-ES\">Aquesta \u00e9s una iniciativa que neix en unes circumst\u00e0ncies molt especials i en uns moments molt dif\u00edcils per a tothom.\u00a0 <\/span><\/p>\n<p lang=\"CA-ES\" style=\"text-align: justify;\"><span lang=\"CA-ES\">Ens demanen que <\/span><span lang=\"CA-ES\">els nois dels instituts de Catalunya envieu dibuixos, poemes, v\u00eddeos, cartes als Hospitals de Catalunya per a les persones que ara hi ha ingressades en els nostres hospitals i per a tot el nostre incre\u00efble personal sanitari.<\/span><\/p>\n<\/div>\n<div style=\"text-align: justify;\">\n<p lang=\"CA-ES\" style=\"text-align: justify;\"><span lang=\"CA-ES\">Ajudem i compartim amb les persones ingressades perqu\u00e8 se\u2019n surtin al m\u00e9s aviat possible, per recolzar-los des del nostre confinament.<\/span><\/p>\n<\/div>\n<div>\n<p lang=\"CA-ES\" style=\"text-align: justify;\"><span lang=\"CA-ES\">Ajudem i compartim amb tot el personal sanitari (personal neteja, infermeres, auxiliars d\u2019infermeria, t\u00e8cnics de laboratori, t\u00e8cnics d\u2019imatge, zeladors, metges, administratives i voluntaris ) que amb els seus esfor\u00e7os estan tirant endavant una situaci\u00f3 fins ara mai\u00a0<\/span><span lang=\"CA-ES\">viscuda.<\/span><span lang=\"CA-ES\">\u00a0<\/span><\/p>\n<p lang=\"CA-ES\" style=\"text-align: justify;\"><span lang=\"CA-ES\">Els hospitals demanen: dibuixos, cartes, poemes, v\u00eddeos,\u2026 per donar i fer m\u00e9s suportable aquesta situaci\u00f3 de tensi\u00f3 i angoixa que estan vivint.<\/span><\/p>\n<\/div>\n<div style=\"text-align: justify;\">\n<p lang=\"CA-ES\"><span lang=\"CA-ES\">Els dibuixos, els escrits, les imatges\u2026 ens ajuden a expressar emocions i poden ajudar d\u2019altres persones a expressar-les i a fer que tot aquest malson pugui ser portat d\u2019una manera m\u00e9s c\u00e0lida i acompanyada<\/span><span lang=\"CA-ES\">.<\/span><\/p>\n<\/div>\n<div>\n<p lang=\"CA-ES\" style=\"text-align: justify;\"><span lang=\"CA-ES\">Per fer aix\u00f2, necessitem una vegada m\u00e9s, com en tantes d\u2019altres ocasions heu demostrat, l\u2019ajuda i solidaritat de tots vosaltres.<\/span><\/p>\n<p lang=\"CA-ES\" style=\"text-align: justify;\">Animeu-vos i feu arribar la proposta al tutor\/a.<\/p>\n<p lang=\"CA-ES\" style=\"text-align: justify;\">Fem pinya i ens en sortirem!<\/p>\n<\/div>\n","protected":false},"excerpt":{"rendered":"<p>Us volem fer arribar la proposta del Departament d\u2019Educaci\u00f3 i el Departament de Salut que\u00a0han\u00a0anomenat\u00a0junts\u00a0CARTES AMB\u00a0COR.<\/p>\n<p>Aquesta \u00e9s una iniciativa que neix en unes circumst\u00e0ncies molt especials i en uns moments molt dif\u00edcils per a tothom.\u00a0<br \/>\nEns demanen que els nois dels instituts de Catalunya envieu&hellip;  <a href=\"https:\/\/agora.xtec.cat\/inspontdeldiable\/general\/cartes-amb-cor\/\" title=\"Read CARTES AMB COR\">Llegeix m\u00e9s\u00bb<\/a><\/p>\n","protected":false},"author":1,"featured_media":1088,"comment_status":"open","ping_status":"closed","sticky":false,"template":"","format":"standard","meta":{"_bbp_topic_count":0,"_bbp_reply_count":0,"_bbp_total_topic_count":0,"_bbp_total_reply_count":0,"_bbp_voice_count":0,"_bbp_anonymous_reply_count":0,"_bbp_topic_count_hidden":0,"_bbp_reply_count_hidden":0,"_bbp_forum_subforum_count":0,"footnotes":""},"categories":[1,29],"tags":[115,117,116,114],"class_list":["post-1087","post","type-post","status-publish","format-standard","has-post-thumbnail","hentry","category-general","category-portada","tag-cicles-formatius","tag-confinament","tag-cov-19","tag-eso"],"post_mailing_queue_ids":[],"_links":{"self":[{"href":"https:\/\/agora.xtec.cat\/inspontdeldiable\/wp-json\/wp\/v2\/posts\/1087","targetHints":{"allow":["GET"]}}],"collection":[{"href":"https:\/\/agora.xtec.cat\/inspontdeldiable\/wp-json\/wp\/v2\/posts"}],"about":[{"href":"https:\/\/agora.xtec.cat\/inspontdeldiable\/wp-json\/wp\/v2\/types\/post"}],"author":[{"embeddable":true,"href":"https:\/\/agora.xtec.cat\/inspontdeldiable\/wp-json\/wp\/v2\/users\/1"}],"replies":[{"embeddable":true,"href":"https:\/\/agora.xtec.cat\/inspontdeldiable\/wp-json\/wp\/v2\/comments?post=1087"}],"version-history":[{"count":3,"href":"https:\/\/agora.xtec.cat\/inspontdeldiable\/wp-json\/wp\/v2\/posts\/1087\/revisions"}],"predecessor-version":[{"id":1093,"href":"https:\/\/agora.xtec.cat\/inspontdeldiable\/wp-json\/wp\/v2\/posts\/1087\/revisions\/1093"}],"wp:featuredmedia":[{"embeddable":true,"href":"https:\/\/agora.xtec.cat\/inspontdeldiable\/wp-json\/wp\/v2\/media\/1088"}],"wp:attachment":[{"href":"https:\/\/agora.xtec.cat\/inspontdeldiable\/wp-json\/wp\/v2\/media?parent=1087"}],"wp:term":[{"taxonomy":"category","embeddable":true,"href":"https:\/\/agora.xtec.cat\/inspontdeldiable\/wp-json\/wp\/v2\/categories?post=1087"},{"taxonomy":"post_tag","embeddable":true,"href":"https:\/\/agora.xtec.cat\/inspontdeldiable\/wp-json\/wp\/v2\/tags?post=1087"}],"curies":[{"name":"wp","href":"https:\/\/api.w.org\/{rel}","templated":true}]}}