{"id":1233,"date":"2018-11-05T19:16:43","date_gmt":"2018-11-05T18:16:43","guid":{"rendered":"http:\/\/agora.xtec.cat\/insponsdicart\/?p=1233"},"modified":"2018-11-05T19:17:26","modified_gmt":"2018-11-05T18:17:26","slug":"delfi-bello-participa-en-un-curs-erasmus-ka1-a-irlanda","status":"publish","type":"post","link":"https:\/\/agora.xtec.cat\/insponsdicart\/pec\/ka1\/delfi-bello-participa-en-un-curs-erasmus-ka1-a-irlanda\/","title":{"rendered":"Delfi Bell\u00f3 participa en un curs Erasmus+ KA1 a Irlanda"},"content":{"rendered":"<p style=\"text-align: justify;\">La segona quinzena de juliol, la professora de biologia i geologia, Delfi Bell\u00f3, va gaudir d\u2019una beca Erasmus+ K1 amb la finalitat millorar el seu nivell d\u2019angl\u00e8s. El curs va tenir lloc a Galway (Irlanda). Durant aquells quinze dies va poder compartir experi\u00e8ncies amb gent del pa\u00eds i amb estudiants de moltes nacionalitats, molts d&#8217;ells professors i professores d&#8217;arreu Europa. A m\u00e9s de millorar la compet\u00e8ncia en llengua anglesa, que de ben segur tindr\u00e0 repercusi\u00f3 en la seva pr\u00e0ctica docent, tamb\u00e9 va poder gaudir d\u2019uns paisatges de somni. Aqu\u00ed tenim un tastet. Va ser una experi\u00e8ncia molt enriquidora!<\/p>\n<p><a href=\"https:\/\/agora.xtec.cat\/insponsdicart\/wp-content\/uploads\/usu1876\/2018\/11\/PHOTO-2018-07-28-09-49-08.jpeg\"><img loading=\"lazy\" decoding=\"async\" class=\"alignnone size-full wp-image-1236\" src=\"https:\/\/agora.xtec.cat\/insponsdicart\/wp-content\/uploads\/usu1876\/2018\/11\/PHOTO-2018-07-28-09-49-08.jpeg\" alt=\"\" width=\"320\" height=\"180\" srcset=\"https:\/\/agora.xtec.cat\/insponsdicart\/wp-content\/uploads\/usu1876\/2018\/11\/PHOTO-2018-07-28-09-49-08.jpeg 320w, https:\/\/agora.xtec.cat\/insponsdicart\/wp-content\/uploads\/usu1876\/2018\/11\/PHOTO-2018-07-28-09-49-08-300x169.jpeg 300w\" sizes=\"auto, (max-width: 320px) 100vw, 320px\" \/><\/a> <a href=\"https:\/\/agora.xtec.cat\/insponsdicart\/wp-content\/uploads\/usu1876\/2018\/11\/IMG_9760.jpeg\"><img loading=\"lazy\" decoding=\"async\" class=\"alignnone size-full wp-image-1235\" src=\"https:\/\/agora.xtec.cat\/insponsdicart\/wp-content\/uploads\/usu1876\/2018\/11\/IMG_9760.jpeg\" alt=\"\" width=\"320\" height=\"240\" srcset=\"https:\/\/agora.xtec.cat\/insponsdicart\/wp-content\/uploads\/usu1876\/2018\/11\/IMG_9760.jpeg 320w, https:\/\/agora.xtec.cat\/insponsdicart\/wp-content\/uploads\/usu1876\/2018\/11\/IMG_9760-300x225.jpeg 300w, https:\/\/agora.xtec.cat\/insponsdicart\/wp-content\/uploads\/usu1876\/2018\/11\/IMG_9760-200x150.jpeg 200w\" sizes=\"auto, (max-width: 320px) 100vw, 320px\" \/><\/a> <a href=\"https:\/\/agora.xtec.cat\/insponsdicart\/wp-content\/uploads\/usu1876\/2018\/11\/IMG_9759.jpeg\"><img loading=\"lazy\" decoding=\"async\" class=\"alignnone size-full wp-image-1234\" src=\"https:\/\/agora.xtec.cat\/insponsdicart\/wp-content\/uploads\/usu1876\/2018\/11\/IMG_9759.jpeg\" alt=\"\" width=\"320\" height=\"240\" srcset=\"https:\/\/agora.xtec.cat\/insponsdicart\/wp-content\/uploads\/usu1876\/2018\/11\/IMG_9759.jpeg 320w, https:\/\/agora.xtec.cat\/insponsdicart\/wp-content\/uploads\/usu1876\/2018\/11\/IMG_9759-300x225.jpeg 300w, https:\/\/agora.xtec.cat\/insponsdicart\/wp-content\/uploads\/usu1876\/2018\/11\/IMG_9759-200x150.jpeg 200w\" sizes=\"auto, (max-width: 320px) 100vw, 320px\" \/><\/a><\/p>\n","protected":false},"excerpt":{"rendered":"<p>La segona quinzena de juliol, la professora de biologia i geologia, Delfi Bell\u00f3, va gaudir d\u2019una beca Erasmus+ K1 amb la finalitat millorar el seu nivell d\u2019angl\u00e8s. El curs va tenir lloc a Galway (Irlanda). Durant aquells quinze dies va poder compartir experi\u00e8ncies amb gent&hellip;  <a href=\"https:\/\/agora.xtec.cat\/insponsdicart\/pec\/ka1\/delfi-bello-participa-en-un-curs-erasmus-ka1-a-irlanda\/\" title=\"Read Delfi Bell\u00f3 participa en un curs Erasmus+ KA1 a Irlanda\">Llegeix m\u00e9s\u00bb<\/a><\/p>\n","protected":false},"author":1,"featured_media":0,"comment_status":"closed","ping_status":"closed","sticky":false,"template":"","format":"standard","meta":{"_bbp_topic_count":0,"_bbp_reply_count":0,"_bbp_total_topic_count":0,"_bbp_total_reply_count":0,"_bbp_voice_count":0,"_bbp_anonymous_reply_count":0,"_bbp_topic_count_hidden":0,"_bbp_reply_count_hidden":0,"_bbp_forum_subforum_count":0,"footnotes":""},"categories":[203],"tags":[],"class_list":["post-1233","post","type-post","status-publish","format-standard","hentry","category-ka1"],"post_mailing_queue_ids":[],"_links":{"self":[{"href":"https:\/\/agora.xtec.cat\/insponsdicart\/wp-json\/wp\/v2\/posts\/1233","targetHints":{"allow":["GET"]}}],"collection":[{"href":"https:\/\/agora.xtec.cat\/insponsdicart\/wp-json\/wp\/v2\/posts"}],"about":[{"href":"https:\/\/agora.xtec.cat\/insponsdicart\/wp-json\/wp\/v2\/types\/post"}],"author":[{"embeddable":true,"href":"https:\/\/agora.xtec.cat\/insponsdicart\/wp-json\/wp\/v2\/users\/1"}],"replies":[{"embeddable":true,"href":"https:\/\/agora.xtec.cat\/insponsdicart\/wp-json\/wp\/v2\/comments?post=1233"}],"version-history":[{"count":1,"href":"https:\/\/agora.xtec.cat\/insponsdicart\/wp-json\/wp\/v2\/posts\/1233\/revisions"}],"predecessor-version":[{"id":1237,"href":"https:\/\/agora.xtec.cat\/insponsdicart\/wp-json\/wp\/v2\/posts\/1233\/revisions\/1237"}],"wp:attachment":[{"href":"https:\/\/agora.xtec.cat\/insponsdicart\/wp-json\/wp\/v2\/media?parent=1233"}],"wp:term":[{"taxonomy":"category","embeddable":true,"href":"https:\/\/agora.xtec.cat\/insponsdicart\/wp-json\/wp\/v2\/categories?post=1233"},{"taxonomy":"post_tag","embeddable":true,"href":"https:\/\/agora.xtec.cat\/insponsdicart\/wp-json\/wp\/v2\/tags?post=1233"}],"curies":[{"name":"wp","href":"https:\/\/api.w.org\/{rel}","templated":true}]}}