{"id":13820,"date":"2026-09-02T09:29:43","date_gmt":"2026-09-02T07:29:43","guid":{"rendered":"https:\/\/agora.xtec.cat\/inspm\/?p=13820"},"modified":"2026-09-02T09:31:21","modified_gmt":"2026-09-02T07:31:21","slug":"peticio-de-taquilles-per-al-curs-2026-27-2","status":"publish","type":"post","link":"https:\/\/agora.xtec.cat\/inspm\/general\/peticio-de-taquilles-per-al-curs-2026-27-2\/","title":{"rendered":"Petici\u00f3 de taquilles per al curs 2026-27"},"content":{"rendered":"<p class=\"western\" align=\"justify\">Per registrar la sol\u00b7licitud* d\u2019una taquilla, cal omplir i enviar el seg\u00fcent formulari: <a href=\"https:\/\/forms.gle\/MeGaD2V8CEtEquZe8\" target=\"_blank\" rel=\"noopener\">https:\/\/forms.gle\/MeGaD2V8CEtEquZe8<\/a><\/p>\n<p class=\"western\" align=\"justify\">El preu del lloguer \u00e9s de 20\u20ac, els quals es pagaran a consergeria un cop confirmada l\u2019assignaci\u00f3. Hi ha la possibilitat de compartir la taquilla si un parell d\u2019alumnes es posen d\u2019acord (nom\u00e9s caldria formalitzar una \u00fanica petici\u00f3, per tant).<\/p>\n<p class=\"western\" align=\"justify\">Sempre que sigui viable, les taquilles inferiors es reserven a l\u2019alumnat dels grups de 1r i 2n d\u2019ESO, les superior per als m\u00e9s grans.<\/p>\n<p><b>*ATENCI\u00d3:<\/b><span style=\"text-decoration: underline;\"> L&#8217;alumnat que va disposar de taquilla el curs 2025-26 la mant\u00e9 reservada (no ha d&#8217;omplir el formulari) i nom\u00e9s escau confirmar-ne l&#8217;\u00fas i pagar l&#8217;import del lloguer.<\/span><\/p>\n<p>Les instruccions de confirmaci\u00f3 i \u00fas de taquilles s&#8217;explicaran a l&#8217;aula per part del professorat tutor i a les reunions de fam\u00edlies (<a href=\"https:\/\/agora.xtec.cat\/inspm\/general\/calendaris-recollida-de-llibres-reunions-amb-families-i-inici-de-classes\/\" target=\"_blank\" rel=\"noopener\">calendari<\/a>)<\/p>\n","protected":false},"excerpt":{"rendered":"<p>Per registrar la sol\u00b7licitud* d\u2019una taquilla, cal omplir i enviar el seg\u00fcent formulari: <a href=\"https:\/\/forms.gle\/MeGaD2V8CEtEquZe8\" target=\"_blank\" rel=\"noopener\">https:\/\/forms.gle\/MeGaD2V8CEtEquZe8<\/a><br \/>\nEl preu del lloguer \u00e9s de 20\u20ac, els quals es pagaran a consergeria un cop confirmada l\u2019assignaci\u00f3. Hi ha la possibilitat de compartir la taquilla si un parell d\u2019alumnes&hellip;  <a href=\"https:\/\/agora.xtec.cat\/inspm\/general\/peticio-de-taquilles-per-al-curs-2026-27-2\/\" title=\"Read Petici\u00f3 de taquilles per al curs 2026-27\">Llegeix m\u00e9s\u00bb<\/a><\/p>\n","protected":false},"author":10,"featured_media":11064,"comment_status":"open","ping_status":"open","sticky":false,"template":"","format":"standard","meta":{"_bbp_topic_count":0,"_bbp_reply_count":0,"_bbp_total_topic_count":0,"_bbp_total_reply_count":0,"_bbp_voice_count":0,"_bbp_anonymous_reply_count":0,"_bbp_topic_count_hidden":0,"_bbp_reply_count_hidden":0,"_bbp_forum_subforum_count":0,"footnotes":""},"categories":[1,29],"tags":[],"class_list":["post-13820","post","type-post","status-publish","format-standard","has-post-thumbnail","hentry","category-general","category-portada"],"post_mailing_queue_ids":[],"_links":{"self":[{"href":"https:\/\/agora.xtec.cat\/inspm\/wp-json\/wp\/v2\/posts\/13820","targetHints":{"allow":["GET"]}}],"collection":[{"href":"https:\/\/agora.xtec.cat\/inspm\/wp-json\/wp\/v2\/posts"}],"about":[{"href":"https:\/\/agora.xtec.cat\/inspm\/wp-json\/wp\/v2\/types\/post"}],"author":[{"embeddable":true,"href":"https:\/\/agora.xtec.cat\/inspm\/wp-json\/wp\/v2\/users\/10"}],"replies":[{"embeddable":true,"href":"https:\/\/agora.xtec.cat\/inspm\/wp-json\/wp\/v2\/comments?post=13820"}],"version-history":[{"count":2,"href":"https:\/\/agora.xtec.cat\/inspm\/wp-json\/wp\/v2\/posts\/13820\/revisions"}],"predecessor-version":[{"id":13823,"href":"https:\/\/agora.xtec.cat\/inspm\/wp-json\/wp\/v2\/posts\/13820\/revisions\/13823"}],"wp:featuredmedia":[{"embeddable":true,"href":"https:\/\/agora.xtec.cat\/inspm\/wp-json\/wp\/v2\/media\/11064"}],"wp:attachment":[{"href":"https:\/\/agora.xtec.cat\/inspm\/wp-json\/wp\/v2\/media?parent=13820"}],"wp:term":[{"taxonomy":"category","embeddable":true,"href":"https:\/\/agora.xtec.cat\/inspm\/wp-json\/wp\/v2\/categories?post=13820"},{"taxonomy":"post_tag","embeddable":true,"href":"https:\/\/agora.xtec.cat\/inspm\/wp-json\/wp\/v2\/tags?post=13820"}],"curies":[{"name":"wp","href":"https:\/\/api.w.org\/{rel}","templated":true}]}}