{"id":13496,"date":"2026-04-21T17:08:18","date_gmt":"2026-04-21T15:08:18","guid":{"rendered":"https:\/\/agora.xtec.cat\/inspm\/?p=13496"},"modified":"2026-04-21T17:08:18","modified_gmt":"2026-04-21T15:08:18","slug":"lipm-decora-per-sant-jordi-la-seu-del-departament-deducacio-i-formacio-professional","status":"publish","type":"post","link":"https:\/\/agora.xtec.cat\/inspm\/general\/lipm-decora-per-sant-jordi-la-seu-del-departament-deducacio-i-formacio-professional\/","title":{"rendered":"L&#8217;IPM decora per Sant Jordi la seu del Departament d&#8217;Educaci\u00f3 i Formaci\u00f3 Professional"},"content":{"rendered":"<p data-start=\"129\" data-end=\"475\"><a href=\"https:\/\/agora.xtec.cat\/inspm\/wp-content\/uploads\/usu581\/2026\/04\/20260420_140046-scaled.jpg\"><img loading=\"lazy\" decoding=\"async\" class=\"alignnone wp-image-13500 size-full\" src=\"https:\/\/agora.xtec.cat\/inspm\/wp-content\/uploads\/usu581\/2026\/04\/20260420_140046-scaled.jpg\" alt=\"\" width=\"1180\" height=\"2560\" srcset=\"https:\/\/agora.xtec.cat\/inspm\/wp-content\/uploads\/usu581\/2026\/04\/20260420_140046-scaled.jpg 1180w, https:\/\/agora.xtec.cat\/inspm\/wp-content\/uploads\/usu581\/2026\/04\/20260420_140046-138x300.jpg 138w, https:\/\/agora.xtec.cat\/inspm\/wp-content\/uploads\/usu581\/2026\/04\/20260420_140046-472x1024.jpg 472w, https:\/\/agora.xtec.cat\/inspm\/wp-content\/uploads\/usu581\/2026\/04\/20260420_140046-768x1667.jpg 768w, https:\/\/agora.xtec.cat\/inspm\/wp-content\/uploads\/usu581\/2026\/04\/20260420_140046-708x1536.jpg 708w, https:\/\/agora.xtec.cat\/inspm\/wp-content\/uploads\/usu581\/2026\/04\/20260420_140046-944x2048.jpg 944w\" sizes=\"auto, (max-width: 1180px) 100vw, 1180px\" \/><\/a><\/p>\n<p style=\"text-align: justify;\" data-start=\"129\" data-end=\"475\">El Departament d\u2019Educaci\u00f3 i Formaci\u00f3 Professional va contactar amb el centre per valorar la possibilitat de col\u00b7laborar en la celebraci\u00f3 de Sant Jordi. La proposta s\u2019emmarcava en la nostra oferta formativa en jardineria i floristeria, i consistia en l\u2019elaboraci\u00f3 de roses guarnides i d\u2019un disseny floral destinat a diversos espais de la seva seu.<\/p>\n<p style=\"text-align: justify;\" data-start=\"477\" data-end=\"747\">L\u2019enc\u00e0rrec va suposar un repte tant creatiu com log\u00edstic, per\u00f2 alhora es va convertir en una oportunitat excel\u00b7lent per donar visibilitat a la feina que es desenvolupa al centre en un entorn institucional, aix\u00ed com per refor\u00e7ar la motivaci\u00f3 i la implicaci\u00f3 de l\u2019alumnat.<\/p>\n<p style=\"text-align: justify;\" data-start=\"749\" data-end=\"1024\">Amb la instal\u00b7laci\u00f3 ja pr\u00e0cticament finalitzada i a l\u2019espera dels \u00faltims detalls, el centre fa una valoraci\u00f3 molt positiva del resultat. El personal del Departament ha felicitat l\u2019equip per la feina realitzada, posant en relleu l\u2019esfor\u00e7 i la qualitat del treball dut a terme.<\/p>\n<p data-start=\"749\" data-end=\"1024\"><a href=\"https:\/\/agora.xtec.cat\/inspm\/wp-content\/uploads\/usu581\/2026\/04\/20260420_132227-scaled.jpg\"><img loading=\"lazy\" decoding=\"async\" class=\"alignnone wp-image-13497 size-full\" src=\"https:\/\/agora.xtec.cat\/inspm\/wp-content\/uploads\/usu581\/2026\/04\/20260420_132227-scaled.jpg\" alt=\"\" width=\"1180\" height=\"2560\" srcset=\"https:\/\/agora.xtec.cat\/inspm\/wp-content\/uploads\/usu581\/2026\/04\/20260420_132227-scaled.jpg 1180w, https:\/\/agora.xtec.cat\/inspm\/wp-content\/uploads\/usu581\/2026\/04\/20260420_132227-138x300.jpg 138w, https:\/\/agora.xtec.cat\/inspm\/wp-content\/uploads\/usu581\/2026\/04\/20260420_132227-472x1024.jpg 472w, https:\/\/agora.xtec.cat\/inspm\/wp-content\/uploads\/usu581\/2026\/04\/20260420_132227-768x1666.jpg 768w, https:\/\/agora.xtec.cat\/inspm\/wp-content\/uploads\/usu581\/2026\/04\/20260420_132227-708x1536.jpg 708w, https:\/\/agora.xtec.cat\/inspm\/wp-content\/uploads\/usu581\/2026\/04\/20260420_132227-944x2048.jpg 944w\" sizes=\"auto, (max-width: 1180px) 100vw, 1180px\" \/><\/a><\/p>\n<p style=\"text-align: justify;\" data-start=\"749\" data-end=\"1024\"><a href=\"https:\/\/agora.xtec.cat\/inspm\/wp-content\/uploads\/usu581\/2026\/04\/20260420_140405-scaled.jpg\"><img loading=\"lazy\" decoding=\"async\" class=\"alignnone wp-image-13498 size-large\" src=\"https:\/\/agora.xtec.cat\/inspm\/wp-content\/uploads\/usu581\/2026\/04\/20260420_140405-1024x472.jpg\" alt=\"\" width=\"1024\" height=\"472\" srcset=\"https:\/\/agora.xtec.cat\/inspm\/wp-content\/uploads\/usu581\/2026\/04\/20260420_140405-1024x472.jpg 1024w, https:\/\/agora.xtec.cat\/inspm\/wp-content\/uploads\/usu581\/2026\/04\/20260420_140405-300x138.jpg 300w, https:\/\/agora.xtec.cat\/inspm\/wp-content\/uploads\/usu581\/2026\/04\/20260420_140405-768x354.jpg 768w, https:\/\/agora.xtec.cat\/inspm\/wp-content\/uploads\/usu581\/2026\/04\/20260420_140405-1536x708.jpg 1536w, https:\/\/agora.xtec.cat\/inspm\/wp-content\/uploads\/usu581\/2026\/04\/20260420_140405-2048x944.jpg 2048w\" sizes=\"auto, (max-width: 1024px) 100vw, 1024px\" \/><\/a><\/p>\n","protected":false},"excerpt":{"rendered":"<p><a href=\"https:\/\/agora.xtec.cat\/inspm\/wp-content\/uploads\/usu581\/2026\/04\/20260420_140046-scaled.jpg\"><\/a><br \/>\nEl Departament d\u2019Educaci\u00f3 i Formaci\u00f3 Professional va contactar amb el centre per valorar la possibilitat de col\u00b7laborar en la celebraci\u00f3 de Sant Jordi. La proposta s\u2019emmarcava en la nostra oferta formativa en jardineria i floristeria, i consistia en l\u2019elaboraci\u00f3 de roses guarnides i d\u2019un&hellip;  <a href=\"https:\/\/agora.xtec.cat\/inspm\/general\/lipm-decora-per-sant-jordi-la-seu-del-departament-deducacio-i-formacio-professional\/\" title=\"Read L&#8217;IPM decora per Sant Jordi la seu del Departament d&#8217;Educaci\u00f3 i Formaci\u00f3 Professional\">Llegeix m\u00e9s\u00bb<\/a><\/p>\n","protected":false},"author":10,"featured_media":13500,"comment_status":"open","ping_status":"open","sticky":false,"template":"","format":"standard","meta":{"_bbp_topic_count":0,"_bbp_reply_count":0,"_bbp_total_topic_count":0,"_bbp_total_reply_count":0,"_bbp_voice_count":0,"_bbp_anonymous_reply_count":0,"_bbp_topic_count_hidden":0,"_bbp_reply_count_hidden":0,"_bbp_forum_subforum_count":0,"footnotes":""},"categories":[30,1,67,29],"tags":[155,192,157],"class_list":["post-13496","post","type-post","status-publish","format-standard","has-post-thumbnail","hentry","category-ccff_gm","category-general","category-jardineria-i-floristeria","category-portada","tag-cicles-formatius-grau-mitja","tag-creacio","tag-jardineria-i-floristeria"],"post_mailing_queue_ids":[],"_links":{"self":[{"href":"https:\/\/agora.xtec.cat\/inspm\/wp-json\/wp\/v2\/posts\/13496","targetHints":{"allow":["GET"]}}],"collection":[{"href":"https:\/\/agora.xtec.cat\/inspm\/wp-json\/wp\/v2\/posts"}],"about":[{"href":"https:\/\/agora.xtec.cat\/inspm\/wp-json\/wp\/v2\/types\/post"}],"author":[{"embeddable":true,"href":"https:\/\/agora.xtec.cat\/inspm\/wp-json\/wp\/v2\/users\/10"}],"replies":[{"embeddable":true,"href":"https:\/\/agora.xtec.cat\/inspm\/wp-json\/wp\/v2\/comments?post=13496"}],"version-history":[{"count":1,"href":"https:\/\/agora.xtec.cat\/inspm\/wp-json\/wp\/v2\/posts\/13496\/revisions"}],"predecessor-version":[{"id":13501,"href":"https:\/\/agora.xtec.cat\/inspm\/wp-json\/wp\/v2\/posts\/13496\/revisions\/13501"}],"wp:featuredmedia":[{"embeddable":true,"href":"https:\/\/agora.xtec.cat\/inspm\/wp-json\/wp\/v2\/media\/13500"}],"wp:attachment":[{"href":"https:\/\/agora.xtec.cat\/inspm\/wp-json\/wp\/v2\/media?parent=13496"}],"wp:term":[{"taxonomy":"category","embeddable":true,"href":"https:\/\/agora.xtec.cat\/inspm\/wp-json\/wp\/v2\/categories?post=13496"},{"taxonomy":"post_tag","embeddable":true,"href":"https:\/\/agora.xtec.cat\/inspm\/wp-json\/wp\/v2\/tags?post=13496"}],"curies":[{"name":"wp","href":"https:\/\/api.w.org\/{rel}","templated":true}]}}