{"id":11364,"date":"2024-02-19T20:34:29","date_gmt":"2024-02-19T19:34:29","guid":{"rendered":"https:\/\/agora.xtec.cat\/inspm\/?p=11364"},"modified":"2024-02-23T18:07:03","modified_gmt":"2024-02-23T17:07:03","slug":"1a-trobada-de-treballs-de-recerca-del-baix-maresme","status":"publish","type":"post","link":"https:\/\/agora.xtec.cat\/inspm\/general\/1a-trobada-de-treballs-de-recerca-del-baix-maresme\/","title":{"rendered":"1\u00aa Trobada de Treballs de recerca del Baix Maresme"},"content":{"rendered":"<p><a href=\"https:\/\/agora.xtec.cat\/inspm\/wp-content\/uploads\/usu581\/2024\/02\/Copia-de-Copia-de-Roll-up-treball-de-rececrca_page-0001-scaled.jpg\"><img loading=\"lazy\" decoding=\"async\" class=\"alignnone wp-image-11366 size-large\" src=\"https:\/\/agora.xtec.cat\/inspm\/wp-content\/uploads\/usu581\/2024\/02\/Copia-de-Copia-de-Roll-up-treball-de-rececrca_page-0001-724x1024.jpg\" alt=\"\" width=\"724\" height=\"1024\" srcset=\"https:\/\/agora.xtec.cat\/inspm\/wp-content\/uploads\/usu581\/2024\/02\/Copia-de-Copia-de-Roll-up-treball-de-rececrca_page-0001-724x1024.jpg 724w, https:\/\/agora.xtec.cat\/inspm\/wp-content\/uploads\/usu581\/2024\/02\/Copia-de-Copia-de-Roll-up-treball-de-rececrca_page-0001-212x300.jpg 212w, https:\/\/agora.xtec.cat\/inspm\/wp-content\/uploads\/usu581\/2024\/02\/Copia-de-Copia-de-Roll-up-treball-de-rececrca_page-0001-768x1086.jpg 768w, https:\/\/agora.xtec.cat\/inspm\/wp-content\/uploads\/usu581\/2024\/02\/Copia-de-Copia-de-Roll-up-treball-de-rececrca_page-0001-1086x1536.jpg 1086w, https:\/\/agora.xtec.cat\/inspm\/wp-content\/uploads\/usu581\/2024\/02\/Copia-de-Copia-de-Roll-up-treball-de-rececrca_page-0001-1448x2048.jpg 1448w, https:\/\/agora.xtec.cat\/inspm\/wp-content\/uploads\/usu581\/2024\/02\/Copia-de-Copia-de-Roll-up-treball-de-rececrca_page-0001-scaled.jpg 1810w\" sizes=\"auto, (max-width: 724px) 100vw, 724px\" \/><\/a><\/p>\n<p style=\"text-align: justify;\">El proper dia 23 de febrer, divendres, l&#8217;alumnat de 5 centres de Batxillerat del Baix Maresme coincidir\u00e0 al nostre institut per assistir a la I Trobada de Treballs de Recerca. Durant la matinal, entre les 9:30 i les 12:30h, assistiran a les exposicions a la sala d&#8217;actes de 9 treballs d&#8217;excel\u00b7l\u00e8ncia fets per companys i companyes de 2n dels diversos centres. A m\u00e9s, podran bescanviar opinions i experi\u00e8ncies amb aquest alumnat m\u00e9s veter\u00e0 tot fent un recorregut per diferents depend\u00e8ncies de l&#8217;IPM.<\/p>\n<p style=\"text-align: justify;\">Aquesta mostra s&#8217;ha dinamitzat des del Centre de Recursos del Servei Educatiu del Baix Maresme i ha comptat amb el disseny gr\u00e0fic de l&#8217;alumnat del nostre Cicle de Grau Superior de M\u00e0rqueting i Publicitat, a qui donem les gr\u00e0cies i felicitem per la feina.<\/p>\n","protected":false},"excerpt":{"rendered":"<p><a href=\"https:\/\/agora.xtec.cat\/inspm\/wp-content\/uploads\/usu581\/2024\/02\/Copia-de-Copia-de-Roll-up-treball-de-rececrca_page-0001-scaled.jpg\"><\/a><br \/>\nEl proper dia 23 de febrer, divendres, l&#8217;alumnat de 5 centres de Batxillerat del Baix Maresme coincidir\u00e0 al nostre institut per assistir a la I Trobada de Treballs de Recerca. Durant la matinal, entre les 9:30 i les 12:30h, assistiran a les exposicions a&hellip;  <a href=\"https:\/\/agora.xtec.cat\/inspm\/general\/1a-trobada-de-treballs-de-recerca-del-baix-maresme\/\" title=\"Read 1\u00aa Trobada de Treballs de recerca del Baix Maresme\">Llegeix m\u00e9s\u00bb<\/a><\/p>\n","protected":false},"author":10,"featured_media":11366,"comment_status":"open","ping_status":"closed","sticky":false,"template":"","format":"standard","meta":{"_bbp_topic_count":0,"_bbp_reply_count":0,"_bbp_total_topic_count":0,"_bbp_total_reply_count":0,"_bbp_voice_count":0,"_bbp_anonymous_reply_count":0,"_bbp_topic_count_hidden":0,"_bbp_reply_count_hidden":0,"_bbp_forum_subforum_count":0,"footnotes":""},"categories":[76,1,29],"tags":[124,220,214],"class_list":["post-11364","post","type-post","status-publish","format-standard","has-post-thumbnail","hentry","category-batxillerat","category-general","category-portada","tag-batxillerat","tag-esdeveniments","tag-treball-de-recerca"],"post_mailing_queue_ids":[],"_links":{"self":[{"href":"https:\/\/agora.xtec.cat\/inspm\/wp-json\/wp\/v2\/posts\/11364","targetHints":{"allow":["GET"]}}],"collection":[{"href":"https:\/\/agora.xtec.cat\/inspm\/wp-json\/wp\/v2\/posts"}],"about":[{"href":"https:\/\/agora.xtec.cat\/inspm\/wp-json\/wp\/v2\/types\/post"}],"author":[{"embeddable":true,"href":"https:\/\/agora.xtec.cat\/inspm\/wp-json\/wp\/v2\/users\/10"}],"replies":[{"embeddable":true,"href":"https:\/\/agora.xtec.cat\/inspm\/wp-json\/wp\/v2\/comments?post=11364"}],"version-history":[{"count":2,"href":"https:\/\/agora.xtec.cat\/inspm\/wp-json\/wp\/v2\/posts\/11364\/revisions"}],"predecessor-version":[{"id":11384,"href":"https:\/\/agora.xtec.cat\/inspm\/wp-json\/wp\/v2\/posts\/11364\/revisions\/11384"}],"wp:featuredmedia":[{"embeddable":true,"href":"https:\/\/agora.xtec.cat\/inspm\/wp-json\/wp\/v2\/media\/11366"}],"wp:attachment":[{"href":"https:\/\/agora.xtec.cat\/inspm\/wp-json\/wp\/v2\/media?parent=11364"}],"wp:term":[{"taxonomy":"category","embeddable":true,"href":"https:\/\/agora.xtec.cat\/inspm\/wp-json\/wp\/v2\/categories?post=11364"},{"taxonomy":"post_tag","embeddable":true,"href":"https:\/\/agora.xtec.cat\/inspm\/wp-json\/wp\/v2\/tags?post=11364"}],"curies":[{"name":"wp","href":"https:\/\/api.w.org\/{rel}","templated":true}]}}