{"id":9225,"date":"2026-09-03T09:22:43","date_gmt":"2026-09-03T07:22:43","guid":{"rendered":"https:\/\/agora.xtec.cat\/inspladelbosc\/?p=9225"},"modified":"2026-09-03T09:23:32","modified_gmt":"2026-09-03T07:23:32","slug":"gestio-de-la-cua-virtual-de-les-places-vacants-dfp","status":"publish","type":"post","link":"https:\/\/agora.xtec.cat\/inspladelbosc\/general\/gestio-de-la-cua-virtual-de-les-places-vacants-dfp\/","title":{"rendered":"Gesti\u00f3 de la cua virtual de les places vacants d&#8217;FP"},"content":{"rendered":"<p>Per tal de poder optar, a una de les places vacants del cicle formatiu de grau mitj\u00e0: Aprofitament i conservaci\u00f3 del medi natural. Cal fer la sol\u00b7licitud a trav\u00e9s de la cua virtual de places a partir del seg\u00fcent enlla\u00e7:<\/p>\n<p style=\"text-align: center;\"><a href=\"https:\/\/aplicacions.gestioeducativa.gencat.cat\/ords\/pls\/apex\/f?p=20160079072543618:650:::NO:650:P650_CENTRE:7A9573EE8A9EA855B15FC31EDF4311DFD94DBEA5E24BFFA4\"><strong>Acc\u00e9s al torn virtual<\/strong><\/a><\/p>\n<p>La cua virtual s&#8217;activar\u00e0 de manera centralitzada i simult\u00e0nia el dia 7 de setembre entre les 9:00 i les 23:59 hores.<\/p>\n<p>El departament entregar\u00e0 al centre un llistat ordenat segons data i hora d&#8217;inscripci\u00f3 de l&#8217;alumnat interessat. A partir d&#8217;aquest llistat, el centre contactar\u00e0 directament amb l&#8217;alumnat atenent a l&#8217;orde establert a la cua.<\/p>\n<p>Cal tenir present, que la posici\u00f3 a la cua determina \u00fanicament l&#8217;ordre i atenci\u00f3 i no garanteix l&#8217;obtenci\u00f3 d&#8217;una pla\u00e7a.<\/p>\n<p>Del 8 al 10 de setembre el centre es posar\u00e0 en contacte amb tu per gestionar la teva sol\u00b7licitud.<\/p>\n<p>Per m\u00e9s informaci\u00f3 consulteu la p\u00e0gina web del departament d&#8217;Educaci\u00f3 i Formaci\u00f3 Professional:<\/p>\n<p style=\"text-align: center;\"><strong><a href=\"https:\/\/preinscripcio.gencat.cat\/ca\/estudis\/fp-grau-mitja\/accedeix-vacant\/\">Acc\u00e9s a la p\u00e0gina web<\/a><\/strong><\/p>\n","protected":false},"excerpt":{"rendered":"<p>Per tal de poder optar, a una de les places vacants del cicle formatiu de grau mitj\u00e0: Aprofitament i conservaci\u00f3 del medi natural. Cal fer la sol\u00b7licitud a trav\u00e9s de la cua virtual de places a partir del seg\u00fcent enlla\u00e7: Acc\u00e9s al torn virtual La cua virtual s&#8217;activar\u00e0 de manera centralitzada i simult\u00e0nia el dia [&hellip;]<\/p>\n","protected":false},"author":13,"featured_media":0,"comment_status":"open","ping_status":"open","sticky":false,"template":"","format":"standard","meta":{"_bbp_topic_count":0,"_bbp_reply_count":0,"_bbp_total_topic_count":0,"_bbp_total_reply_count":0,"_bbp_voice_count":0,"_bbp_anonymous_reply_count":0,"_bbp_topic_count_hidden":0,"_bbp_reply_count_hidden":0,"_bbp_forum_subforum_count":0,"site-sidebar-layout":"default","site-content-layout":"","ast-site-content-layout":"default","site-content-style":"default","site-sidebar-style":"default","ast-global-header-display":"","ast-banner-title-visibility":"","ast-main-header-display":"","ast-hfb-above-header-display":"","ast-hfb-below-header-display":"","ast-hfb-mobile-header-display":"","site-post-title":"","ast-breadcrumbs-content":"","ast-featured-img":"","footer-sml-layout":"","theme-transparent-header-meta":"default","adv-header-id-meta":"","stick-header-meta":"","header-above-stick-meta":"","header-main-stick-meta":"","header-below-stick-meta":"","astra-migrate-meta-layouts":"set","ast-page-background-enabled":"default","ast-page-background-meta":{"desktop":{"background-color":"var(--ast-global-color-4)","background-image":"","background-repeat":"repeat","background-position":"center center","background-size":"auto","background-attachment":"scroll","background-type":"","background-media":"","overlay-type":"","overlay-color":"","overlay-opacity":"","overlay-gradient":""},"tablet":{"background-color":"","background-image":"","background-repeat":"repeat","background-position":"center center","background-size":"auto","background-attachment":"scroll","background-type":"","background-media":"","overlay-type":"","overlay-color":"","overlay-opacity":"","overlay-gradient":""},"mobile":{"background-color":"","background-image":"","background-repeat":"repeat","background-position":"center center","background-size":"auto","background-attachment":"scroll","background-type":"","background-media":"","overlay-type":"","overlay-color":"","overlay-opacity":"","overlay-gradient":""}},"ast-content-background-meta":{"desktop":{"background-color":"var(--ast-global-color-5)","background-image":"","background-repeat":"repeat","background-position":"center center","background-size":"auto","background-attachment":"scroll","background-type":"","background-media":"","overlay-type":"","overlay-color":"","overlay-opacity":"","overlay-gradient":""},"tablet":{"background-color":"var(--ast-global-color-5)","background-image":"","background-repeat":"repeat","background-position":"center center","background-size":"auto","background-attachment":"scroll","background-type":"","background-media":"","overlay-type":"","overlay-color":"","overlay-opacity":"","overlay-gradient":""},"mobile":{"background-color":"var(--ast-global-color-5)","background-image":"","background-repeat":"repeat","background-position":"center center","background-size":"auto","background-attachment":"scroll","background-type":"","background-media":"","overlay-type":"","overlay-color":"","overlay-opacity":"","overlay-gradient":""}},"footnotes":""},"categories":[30,93,1,103,29],"tags":[],"class_list":["post-9225","post","type-post","status-publish","format-standard","hentry","category-cicles-formatius","category-estudis-de-formacio-professional","category-general","category-inici","category-portada"],"post_mailing_queue_ids":[],"_links":{"self":[{"href":"https:\/\/agora.xtec.cat\/inspladelbosc\/wp-json\/wp\/v2\/posts\/9225","targetHints":{"allow":["GET"]}}],"collection":[{"href":"https:\/\/agora.xtec.cat\/inspladelbosc\/wp-json\/wp\/v2\/posts"}],"about":[{"href":"https:\/\/agora.xtec.cat\/inspladelbosc\/wp-json\/wp\/v2\/types\/post"}],"author":[{"embeddable":true,"href":"https:\/\/agora.xtec.cat\/inspladelbosc\/wp-json\/wp\/v2\/users\/13"}],"replies":[{"embeddable":true,"href":"https:\/\/agora.xtec.cat\/inspladelbosc\/wp-json\/wp\/v2\/comments?post=9225"}],"version-history":[{"count":2,"href":"https:\/\/agora.xtec.cat\/inspladelbosc\/wp-json\/wp\/v2\/posts\/9225\/revisions"}],"predecessor-version":[{"id":9227,"href":"https:\/\/agora.xtec.cat\/inspladelbosc\/wp-json\/wp\/v2\/posts\/9225\/revisions\/9227"}],"wp:attachment":[{"href":"https:\/\/agora.xtec.cat\/inspladelbosc\/wp-json\/wp\/v2\/media?parent=9225"}],"wp:term":[{"taxonomy":"category","embeddable":true,"href":"https:\/\/agora.xtec.cat\/inspladelbosc\/wp-json\/wp\/v2\/categories?post=9225"},{"taxonomy":"post_tag","embeddable":true,"href":"https:\/\/agora.xtec.cat\/inspladelbosc\/wp-json\/wp\/v2\/tags?post=9225"}],"curies":[{"name":"wp","href":"https:\/\/api.w.org\/{rel}","templated":true}]}}