{"id":9095,"date":"2026-04-28T13:11:07","date_gmt":"2026-04-28T11:11:07","guid":{"rendered":"https:\/\/agora.xtec.cat\/inspladelbosc\/?p=9095"},"modified":"2026-04-28T13:13:58","modified_gmt":"2026-04-28T11:13:58","slug":"preinscripcio-itinerari-formatiu-especific-2026-2027","status":"publish","type":"post","link":"https:\/\/agora.xtec.cat\/inspladelbosc\/estudis-de-formacio-professional\/cicles-formatius\/preinscripcio-itinerari-formatiu-especific-2026-2027\/","title":{"rendered":"Preinscripci\u00f3 Itinerari Formatiu Espec\u00edfic 2026-2027"},"content":{"rendered":"<p>L&#8217;oferta inicial a l&#8217;Itineri Formatiu Espec\u00edfic (IFE) <em><strong>Cura d&#8217;animals i espais verds<\/strong> <\/em>es publica el 8 de maig.<\/p>\n<p>Oferta inicial (pendent)<\/p>\n<p>El calendari de la preinscripci\u00f3 a l&#8217;IFE \u00e9s del 11 al 22 de maig de 2026.<\/p>\n<p>La sol\u00b7licitud de la preinscripci\u00f3 IFE \u00e9s presencial en el centre, i l&#8217;han de fer les fam\u00edlies dels <strong>alumnes nous al centre de 1r d&#8217;IFE.<\/strong><\/p>\n<p>&#8211;&gt; Demaneu cita pr\u00e8via trucant al tel\u00e8fon 93 897 3350.<\/p>\n<p>La sol\u00b7licitud, la documentaci\u00f3 i tota la informaci\u00f3 la trobareu a l&#8217;enlla\u00e7 seg\u00fcent:<\/p>\n<p><a href=\"https:\/\/preinscripcio.gencat.cat\/ca\/estudis\/ife\/inici\/\">Preinscripci\u00f3 IFE<\/a><\/p>\n<p>&nbsp;<\/p>\n<p>&nbsp;<\/p>\n<p>&nbsp;<\/p>\n","protected":false},"excerpt":{"rendered":"<p>L&#8217;oferta inicial a l&#8217;Itineri Formatiu Espec\u00edfic (IFE) Cura d&#8217;animals i espais verds es publica el 8 de maig. Oferta inicial (pendent) El calendari de la preinscripci\u00f3 a l&#8217;IFE \u00e9s del 11 al 22 de maig de 2026. La sol\u00b7licitud de la preinscripci\u00f3 IFE \u00e9s presencial en el centre, i l&#8217;han de fer les fam\u00edlies dels [&hellip;]<\/p>\n","protected":false},"author":12,"featured_media":0,"comment_status":"open","ping_status":"open","sticky":false,"template":"","format":"standard","meta":{"_bbp_topic_count":0,"_bbp_reply_count":0,"_bbp_total_topic_count":0,"_bbp_total_reply_count":0,"_bbp_voice_count":0,"_bbp_anonymous_reply_count":0,"_bbp_topic_count_hidden":0,"_bbp_reply_count_hidden":0,"_bbp_forum_subforum_count":0,"site-sidebar-layout":"default","site-content-layout":"","ast-site-content-layout":"default","site-content-style":"default","site-sidebar-style":"default","ast-global-header-display":"","ast-banner-title-visibility":"","ast-main-header-display":"","ast-hfb-above-header-display":"","ast-hfb-below-header-display":"","ast-hfb-mobile-header-display":"","site-post-title":"","ast-breadcrumbs-content":"","ast-featured-img":"","footer-sml-layout":"","theme-transparent-header-meta":"default","adv-header-id-meta":"","stick-header-meta":"","header-above-stick-meta":"","header-main-stick-meta":"","header-below-stick-meta":"","astra-migrate-meta-layouts":"set","ast-page-background-enabled":"default","ast-page-background-meta":{"desktop":{"background-color":"var(--ast-global-color-4)","background-image":"","background-repeat":"repeat","background-position":"center center","background-size":"auto","background-attachment":"scroll","background-type":"","background-media":"","overlay-type":"","overlay-color":"","overlay-opacity":"","overlay-gradient":""},"tablet":{"background-color":"","background-image":"","background-repeat":"repeat","background-position":"center center","background-size":"auto","background-attachment":"scroll","background-type":"","background-media":"","overlay-type":"","overlay-color":"","overlay-opacity":"","overlay-gradient":""},"mobile":{"background-color":"","background-image":"","background-repeat":"repeat","background-position":"center center","background-size":"auto","background-attachment":"scroll","background-type":"","background-media":"","overlay-type":"","overlay-color":"","overlay-opacity":"","overlay-gradient":""}},"ast-content-background-meta":{"desktop":{"background-color":"var(--ast-global-color-5)","background-image":"","background-repeat":"repeat","background-position":"center center","background-size":"auto","background-attachment":"scroll","background-type":"","background-media":"","overlay-type":"","overlay-color":"","overlay-opacity":"","overlay-gradient":""},"tablet":{"background-color":"var(--ast-global-color-5)","background-image":"","background-repeat":"repeat","background-position":"center center","background-size":"auto","background-attachment":"scroll","background-type":"","background-media":"","overlay-type":"","overlay-color":"","overlay-opacity":"","overlay-gradient":""},"mobile":{"background-color":"var(--ast-global-color-5)","background-image":"","background-repeat":"repeat","background-position":"center center","background-size":"auto","background-attachment":"scroll","background-type":"","background-media":"","overlay-type":"","overlay-color":"","overlay-opacity":"","overlay-gradient":""}},"footnotes":""},"categories":[30,93,101],"tags":[],"class_list":["post-9095","post","type-post","status-publish","format-standard","hentry","category-cicles-formatius","category-estudis-de-formacio-professional","category-ife-auxiliar-en-cura-danimals-i-espais-verds"],"post_mailing_queue_ids":[],"_links":{"self":[{"href":"https:\/\/agora.xtec.cat\/inspladelbosc\/wp-json\/wp\/v2\/posts\/9095","targetHints":{"allow":["GET"]}}],"collection":[{"href":"https:\/\/agora.xtec.cat\/inspladelbosc\/wp-json\/wp\/v2\/posts"}],"about":[{"href":"https:\/\/agora.xtec.cat\/inspladelbosc\/wp-json\/wp\/v2\/types\/post"}],"author":[{"embeddable":true,"href":"https:\/\/agora.xtec.cat\/inspladelbosc\/wp-json\/wp\/v2\/users\/12"}],"replies":[{"embeddable":true,"href":"https:\/\/agora.xtec.cat\/inspladelbosc\/wp-json\/wp\/v2\/comments?post=9095"}],"version-history":[{"count":2,"href":"https:\/\/agora.xtec.cat\/inspladelbosc\/wp-json\/wp\/v2\/posts\/9095\/revisions"}],"predecessor-version":[{"id":9097,"href":"https:\/\/agora.xtec.cat\/inspladelbosc\/wp-json\/wp\/v2\/posts\/9095\/revisions\/9097"}],"wp:attachment":[{"href":"https:\/\/agora.xtec.cat\/inspladelbosc\/wp-json\/wp\/v2\/media?parent=9095"}],"wp:term":[{"taxonomy":"category","embeddable":true,"href":"https:\/\/agora.xtec.cat\/inspladelbosc\/wp-json\/wp\/v2\/categories?post=9095"},{"taxonomy":"post_tag","embeddable":true,"href":"https:\/\/agora.xtec.cat\/inspladelbosc\/wp-json\/wp\/v2\/tags?post=9095"}],"curies":[{"name":"wp","href":"https:\/\/api.w.org\/{rel}","templated":true}]}}